{"id":17863,"date":"2026-04-29T14:38:24","date_gmt":"2026-04-29T12:38:24","guid":{"rendered":"https:\/\/www.lasoci.org\/x-copa-associacio-de-padel-en-figueres\/"},"modified":"2026-04-29T14:40:46","modified_gmt":"2026-04-29T12:40:46","slug":"x-copa-associacio-de-padel-en-figueres","status":"publish","type":"post","link":"https:\/\/www.lasoci.org\/es\/x-copa-associacio-de-padel-en-figueres\/","title":{"rendered":"X Copa Associaci\u00f3 de P\u00e1del en Figueres"},"content":{"rendered":"\n<p>Este fin de semana se ha disputado en Figueres la <strong>X Copa Associaci\u00f3 de P\u00e1del<\/strong>, una competici\u00f3n que re\u00fane a las diferentes secciones que tiene la Soci de este deporte en todo el territorio. Este a\u00f1o, han participado equipos femeninos y masculinos procedentes de Asturias, Barcelona, \u200b\u200bGirona, Madrid, Mallorca, Tarragona y Valencia.<\/p>\n\n\n\n<p><strong>Visita al Museu Dal\u00ed<\/strong><br>Los actos arrancaron el viernes 24 de abril con una visita al Museu Dal\u00ed. A las 19 horas, los asistentes disfrutaron de una visita guiada que les dej\u00f3 maravillados. A continuaci\u00f3n, tuvo lugar el c\u00f3ctel de bienvenida en el mismo museo, con la presencia de Vera Paola Casoni-Valenti, miembro de la Junta Directiva de la Associaci\u00f3.<\/p>\n\n\n\n<p>Tambi\u00e9n asistieron <strong>Marta Dorca, DAN de Figueres de CaixaBank<\/strong>, y <strong>Jordi Masquef, alcalde de Figueres<\/strong>, adem\u00e1s de todos los participantes en la Copa.<\/p>\n\n\n\n<p><strong>Competici\u00f3n en el P\u00e0del Indoor Figueres<\/strong><br>La competici\u00f3n deportiva se disput\u00f3 al d\u00eda siguiente, s\u00e1bado, en el <a href=\"https:\/\/padelindoorfigueres.com\/\"><strong>P\u00e0del Indoor Figueres<\/strong><\/a>, con inicio a las 9 de la ma\u00f1ana. La categor\u00eda femenina, con cinco parejas, y la primera categor\u00eda masculina, con siete, se resolvieron en formato de liguilla de todos contra todos, de donde salieron los ganadores.<\/p>\n\n\n\n<p>En cuanto a la segunda categor\u00eda masculina, con doce parejas, se estructur\u00f3 en dos fases: una primera de grupos -con dos liguillas- y una fase final eliminatoria a partir de los cuartos de final, en la que se clasificaron los cuatro mejores equipos de cada grupo. Hacia las 14 horas, \u00a1ya ten\u00edamos los nombres de todos los ganadores!<\/p>\n\n\n\n<p>Sin duda, la categor\u00eda m\u00e1s disputada de esta edici\u00f3n fue la primera masculina, ya que los tres primeros clasificados terminaron empatados, y el desenlace tuvo que decidirse por la diferencia de juegos entre las parejas implicadas.<\/p>\n\n\n\n<figure class=\"wp-block-image size-large is-resized\"><img loading=\"lazy\" decoding=\"async\" width=\"1024\" height=\"576\" src=\"https:\/\/www.lasoci.org\/wp-content\/uploads\/2026\/04\/Resultats-finals-Copa-Padel-La-Soci-ESP.jpg-1024x576.jpg\" alt=\"\" class=\"wp-image-17866\" style=\"width:830px;height:auto\" srcset=\"https:\/\/www.lasoci.org\/wp-content\/uploads\/2026\/04\/Resultats-finals-Copa-Padel-La-Soci-ESP.jpg-1024x576.jpg 1024w, https:\/\/www.lasoci.org\/wp-content\/uploads\/2026\/04\/Resultats-finals-Copa-Padel-La-Soci-ESP.jpg-300x169.jpg 300w, https:\/\/www.lasoci.org\/wp-content\/uploads\/2026\/04\/Resultats-finals-Copa-Padel-La-Soci-ESP.jpg-150x84.jpg 150w, https:\/\/www.lasoci.org\/wp-content\/uploads\/2026\/04\/Resultats-finals-Copa-Padel-La-Soci-ESP.jpg-800x450.jpg 800w, https:\/\/www.lasoci.org\/wp-content\/uploads\/2026\/04\/Resultats-finals-Copa-Padel-La-Soci-ESP.jpg.jpg 1200w\" sizes=\"auto, (max-width: 1024px) 100vw, 1024px\" \/><\/figure>\n\n\n\n<p>\u00a0<br><br>La clasificaci\u00f3n final qued\u00f3 de la siguiente forma:<br><strong>1a Categor\u00eda Masculina<\/strong><br><strong>Campeones<\/strong>: Mar\u00e7al Mas y Pere Palet (P\u00e1del Tarragona)<br><strong>Subcampeones<\/strong>: Carles Candelario y Sergi Casellas (P\u00e1del Tarragona)<\/p>\n\n\n\n<p><strong>2a Categor\u00eda Masculina<\/strong><br><strong>Campeones<\/strong>: Jos\u00e9 Luis Franco y Nicol\u00e1s Graciani (P\u00e1del Madrid)<br><strong>Subcampeones<\/strong>: Juan Manuel \u00c1lvarez y Daniel Herrera (P\u00e1del Madrid)<\/p>\n\n\n\n<p><strong>Categor\u00eda Femenina<\/strong><br><strong>Campeonas<\/strong>: Concha Guerra y Raquel Hernansaiz (P\u00e1del Madrid)<br><strong>Subcampeonas<\/strong>: Paloma D\u00edez y Bel\u00e9n Gonz\u00e1lez (P\u00e1del Madrid)<\/p>\n\n\n\n<p>M\u00e1s all\u00e1 de los resultados, la competici\u00f3n volvi\u00f3 a destacar por el ambiente de compa\u00f1erismo entre los participantes, que se impuso, una vez m\u00e1s, a la rivalidad deportiva.<\/p>\n\n\n\n<p><strong>Clausura y entrega de trofeos<\/strong><br>Despu\u00e9s de comer en las instalaciones deportivas y de un breve descanso, los participantes se reencontraron a las 21 horas en el Hotel Bon Retorn para disfrutar de la cena de clausura y la entrega de trofeos.<\/p>\n\n\n\n<p>Durante la velada, como es tradici\u00f3n, se anunci\u00f3 la sede de la pr\u00f3xima edici\u00f3n de la Copa, que tendr\u00e1 lugar en Barcelona.<\/p>\n\n\n\n<p>\u00a1Nos vemos en el pr\u00f3ximo a\u00f1o en Barcelona!<\/p>\n","protected":false},"excerpt":{"rendered":"<p>Este fin de semana se ha disputado en Figueres la X Copa Associaci\u00f3 de P\u00e1del, una competici\u00f3n que re\u00fane a las diferentes secciones que tiene la Soci de este deporte en todo el territorio. Este a\u00f1o, han participado equipos femeninos y masculinos procedentes de Asturias, Barcelona, \u200b\u200bGirona, Madrid, Mallorca, Tarragona y Valencia. Visita al Museu&#8230;<\/p>\n","protected":false},"author":3,"featured_media":17862,"comment_status":"closed","ping_status":"closed","sticky":false,"template":"","format":"standard","meta":{"footnotes":""},"categories":[48],"tags":[],"class_list":["post-17863","post","type-post","status-publish","format-standard","has-post-thumbnail","hentry","category-deporte"],"_links":{"self":[{"href":"https:\/\/www.lasoci.org\/es\/wp-json\/wp\/v2\/posts\/17863","targetHints":{"allow":["GET"]}}],"collection":[{"href":"https:\/\/www.lasoci.org\/es\/wp-json\/wp\/v2\/posts"}],"about":[{"href":"https:\/\/www.lasoci.org\/es\/wp-json\/wp\/v2\/types\/post"}],"author":[{"embeddable":true,"href":"https:\/\/www.lasoci.org\/es\/wp-json\/wp\/v2\/users\/3"}],"replies":[{"embeddable":true,"href":"https:\/\/www.lasoci.org\/es\/wp-json\/wp\/v2\/comments?post=17863"}],"version-history":[{"count":2,"href":"https:\/\/www.lasoci.org\/es\/wp-json\/wp\/v2\/posts\/17863\/revisions"}],"predecessor-version":[{"id":17867,"href":"https:\/\/www.lasoci.org\/es\/wp-json\/wp\/v2\/posts\/17863\/revisions\/17867"}],"wp:featuredmedia":[{"embeddable":true,"href":"https:\/\/www.lasoci.org\/es\/wp-json\/wp\/v2\/media\/17862"}],"wp:attachment":[{"href":"https:\/\/www.lasoci.org\/es\/wp-json\/wp\/v2\/media?parent=17863"}],"wp:term":[{"taxonomy":"category","embeddable":true,"href":"https:\/\/www.lasoci.org\/es\/wp-json\/wp\/v2\/categories?post=17863"},{"taxonomy":"post_tag","embeddable":true,"href":"https:\/\/www.lasoci.org\/es\/wp-json\/wp\/v2\/tags?post=17863"}],"curies":[{"name":"wp","href":"https:\/\/api.w.org\/{rel}","templated":true}]}}