{"id":17737,"date":"2026-03-16T12:05:04","date_gmt":"2026-03-16T11:05:04","guid":{"rendered":"https:\/\/www.lasoci.org\/musica-popular-tenerife-trae-recuerdos-y-emocion-al-asilo-de-la-laguna\/"},"modified":"2026-03-16T12:08:05","modified_gmt":"2026-03-16T11:08:05","slug":"musica-popular-tenerife-trae-recuerdos-y-emocion-al-asilo-de-la-laguna","status":"publish","type":"post","link":"https:\/\/www.lasoci.org\/es\/musica-popular-tenerife-trae-recuerdos-y-emocion-al-asilo-de-la-laguna\/","title":{"rendered":"M\u00fasica Popular Tenerife trae recuerdos y emoci\u00f3n al Asilo de La Laguna"},"content":{"rendered":"\n<p>Tal y como estaba programado, el mi\u00e9rcoles 11 de marzo, la secci\u00f3n M\u00fasica Popular Tenerife visit\u00f3 el Asilo de Ancianos de La Laguna para ofrecer una actuaci\u00f3n musical dirigida a los residentes del centro.<\/p>\n\n<p>La actividad cont\u00f3 con la asistencia de unas 110 personas, entre residentes, personal del centro y familiares. Durante aproximadamente 45 minutos, el grupo interpret\u00f3 varias piezas de su repertorio, que fueron muy bien recibidas por el p\u00fablico asistente.<\/p>\n\n<p>Seg\u00fan comentaron algunos de los presentes, varias de las canciones interpretadas les hicieron recordar momentos especiales de su vida, lo que convirti\u00f3 el concierto en una experiencia especialmente emotiva.<\/p>\n\n<p>La actuaci\u00f3n se desarroll\u00f3 en un ambiente muy cercano y participativo, y dej\u00f3 una muy buena impresi\u00f3n tanto entre los residentes como entre el personal del centro.<\/p>\n","protected":false},"excerpt":{"rendered":"<p>Tal y como estaba programado, el mi\u00e9rcoles 11 de marzo, la secci\u00f3n M\u00fasica Popular Tenerife visit\u00f3 el Asilo de Ancianos de La Laguna para ofrecer una actuaci\u00f3n musical dirigida a los residentes del centro. La actividad cont\u00f3 con la asistencia de unas 110 personas, entre residentes, personal del centro y familiares. Durante aproximadamente 45 minutos,&#8230;<\/p>\n","protected":false},"author":3,"featured_media":17736,"comment_status":"closed","ping_status":"closed","sticky":false,"template":"","format":"standard","meta":{"footnotes":""},"categories":[45],"tags":[],"class_list":["post-17737","post","type-post","status-publish","format-standard","has-post-thumbnail","hentry","category-voluntariado"],"_links":{"self":[{"href":"https:\/\/www.lasoci.org\/es\/wp-json\/wp\/v2\/posts\/17737","targetHints":{"allow":["GET"]}}],"collection":[{"href":"https:\/\/www.lasoci.org\/es\/wp-json\/wp\/v2\/posts"}],"about":[{"href":"https:\/\/www.lasoci.org\/es\/wp-json\/wp\/v2\/types\/post"}],"author":[{"embeddable":true,"href":"https:\/\/www.lasoci.org\/es\/wp-json\/wp\/v2\/users\/3"}],"replies":[{"embeddable":true,"href":"https:\/\/www.lasoci.org\/es\/wp-json\/wp\/v2\/comments?post=17737"}],"version-history":[{"count":1,"href":"https:\/\/www.lasoci.org\/es\/wp-json\/wp\/v2\/posts\/17737\/revisions"}],"predecessor-version":[{"id":17738,"href":"https:\/\/www.lasoci.org\/es\/wp-json\/wp\/v2\/posts\/17737\/revisions\/17738"}],"wp:featuredmedia":[{"embeddable":true,"href":"https:\/\/www.lasoci.org\/es\/wp-json\/wp\/v2\/media\/17736"}],"wp:attachment":[{"href":"https:\/\/www.lasoci.org\/es\/wp-json\/wp\/v2\/media?parent=17737"}],"wp:term":[{"taxonomy":"category","embeddable":true,"href":"https:\/\/www.lasoci.org\/es\/wp-json\/wp\/v2\/categories?post=17737"},{"taxonomy":"post_tag","embeddable":true,"href":"https:\/\/www.lasoci.org\/es\/wp-json\/wp\/v2\/tags?post=17737"}],"curies":[{"name":"wp","href":"https:\/\/api.w.org\/{rel}","templated":true}]}}