{"id":17729,"date":"2026-03-13T13:24:47","date_gmt":"2026-03-13T12:24:47","guid":{"rendered":"https:\/\/www.lasoci.org\/padel-madrid-disputa-el-torneo-clasificatorio-para-la-copa-associacio-de-padel\/"},"modified":"2026-03-13T13:25:57","modified_gmt":"2026-03-13T12:25:57","slug":"padel-madrid-disputa-el-torneo-clasificatorio-para-la-copa-associacio-de-padel","status":"publish","type":"post","link":"https:\/\/www.lasoci.org\/es\/padel-madrid-disputa-el-torneo-clasificatorio-para-la-copa-associacio-de-padel\/","title":{"rendered":"P\u00e1del Madrid disputa el Torneo Clasificatorio para la Copa Associaci\u00f3"},"content":{"rendered":"\n<p>\u00abYa sabemos cu\u00e1les ser\u00e1n las cinco parejas que nos representar\u00e1n en la Copa Associaci\u00f3 de Figueres\u00bb, se\u00f1ala la delegada de P\u00e1del Madrid, Concha Guerra, tras concluir el Torneo Social Clasificatorio para la Copa Associaci\u00f3 2026, organizado por la secci\u00f3n madrile\u00f1a y disputado el viernes 27 de marzo.<\/p>\n\n<p>\u00abLa jornada fue magn\u00edfica\u00bb, a\u00f1ade la delegada. \u00abEn lo deportivo, disputamos partidos muy intensos y competidos, y desde el punto de vista asociativo, compartimos la pr\u00e1ctica de nuestro deporte favorito y despu\u00e9s un &#8216;after sport&#8217; improvisado donde pudimos comentar los momentos m\u00e1s destacados, en un ambiente cien por cien asociativo\u00bb.<\/p>\n\n<p>En este sentido, cabe a\u00f1adir que \u00abgracias a este torneo hemos tenido dos altas nuevas y hemos recuperado un antiguo asociado\u00bb, destaca una delegada de secci\u00f3n muy satisfecha. \u00a1Es p\u00e1del y es Soci!<\/p>\n","protected":false},"excerpt":{"rendered":"<p>\u00abYa sabemos cu\u00e1les ser\u00e1n las cinco parejas que nos representar\u00e1n en la Copa Associaci\u00f3 de Figueres\u00bb, se\u00f1ala la delegada de P\u00e1del Madrid, Concha Guerra, tras concluir el Torneo Social Clasificatorio para la Copa Associaci\u00f3 2026, organizado por la secci\u00f3n madrile\u00f1a y disputado el viernes 27 de marzo. \u00abLa jornada fue magn\u00edfica\u00bb, a\u00f1ade la delegada. \u00abEn&#8230;<\/p>\n","protected":false},"author":3,"featured_media":17728,"comment_status":"closed","ping_status":"closed","sticky":false,"template":"","format":"standard","meta":{"footnotes":""},"categories":[48],"tags":[],"class_list":["post-17729","post","type-post","status-publish","format-standard","has-post-thumbnail","hentry","category-deporte"],"_links":{"self":[{"href":"https:\/\/www.lasoci.org\/es\/wp-json\/wp\/v2\/posts\/17729","targetHints":{"allow":["GET"]}}],"collection":[{"href":"https:\/\/www.lasoci.org\/es\/wp-json\/wp\/v2\/posts"}],"about":[{"href":"https:\/\/www.lasoci.org\/es\/wp-json\/wp\/v2\/types\/post"}],"author":[{"embeddable":true,"href":"https:\/\/www.lasoci.org\/es\/wp-json\/wp\/v2\/users\/3"}],"replies":[{"embeddable":true,"href":"https:\/\/www.lasoci.org\/es\/wp-json\/wp\/v2\/comments?post=17729"}],"version-history":[{"count":2,"href":"https:\/\/www.lasoci.org\/es\/wp-json\/wp\/v2\/posts\/17729\/revisions"}],"predecessor-version":[{"id":17732,"href":"https:\/\/www.lasoci.org\/es\/wp-json\/wp\/v2\/posts\/17729\/revisions\/17732"}],"wp:featuredmedia":[{"embeddable":true,"href":"https:\/\/www.lasoci.org\/es\/wp-json\/wp\/v2\/media\/17728"}],"wp:attachment":[{"href":"https:\/\/www.lasoci.org\/es\/wp-json\/wp\/v2\/media?parent=17729"}],"wp:term":[{"taxonomy":"category","embeddable":true,"href":"https:\/\/www.lasoci.org\/es\/wp-json\/wp\/v2\/categories?post=17729"},{"taxonomy":"post_tag","embeddable":true,"href":"https:\/\/www.lasoci.org\/es\/wp-json\/wp\/v2\/tags?post=17729"}],"curies":[{"name":"wp","href":"https:\/\/api.w.org\/{rel}","templated":true}]}}