{"id":17621,"date":"2026-01-26T11:45:19","date_gmt":"2026-01-26T10:45:19","guid":{"rendered":"https:\/\/www.lasoci.org\/fotografia-girona-apoya-a-la-fundacion-jp\/"},"modified":"2026-01-26T11:45:19","modified_gmt":"2026-01-26T10:45:19","slug":"fotografia-girona-apoya-a-la-fundacion-jp","status":"publish","type":"post","link":"https:\/\/www.lasoci.org\/es\/fotografia-girona-apoya-a-la-fundacion-jp\/","title":{"rendered":"Fotografia Girona apoya a la Fundaci\u00f3n JP"},"content":{"rendered":"\n<p>La secci\u00f3n de Fotografia Girona, con Manel P\u00e9rez al frente, ha realizado un donativo a la Fundaci\u00f3n Privada JP, entidad que trabaja en la atenci\u00f3n y el apoyo a personas con trastorno del espectro del autismo (TEA) y trastorno por d\u00e9ficit de atenci\u00f3n e hiperactividad (TDAH), as\u00ed como a sus familias.<\/p>\n\n<p>Como ya se hab\u00eda hecho en ediciones anteriores, durante 2025, a los participantes de las actividades organizadas por la secci\u00f3n se les ha pedido una aportaci\u00f3n de 20 euros. Este importe permite participar en el conjunto de actividades que ofrece la secci\u00f3n, todas ellas de car\u00e1cter gratuito, y se destina \u00edntegramente a una entidad social elegida anualmente.<\/p>\n\n<p>Este a\u00f1o, la entidad beneficiaria ha sido la Fundaci\u00f3n Privada JP para el Autismo y el TDAH, reconocida por su labor en el acompa\u00f1amiento, inclusi\u00f3n y mejora de la calidad de vida de las personas con estos trastornos del neurodesarrollo. \u00a1Enhorabuena por la iniciativa!<\/p>\n","protected":false},"excerpt":{"rendered":"<p>La secci\u00f3n de Fotografia Girona, con Manel P\u00e9rez al frente, ha realizado un donativo a la Fundaci\u00f3n Privada JP, entidad que trabaja en la atenci\u00f3n y el apoyo a personas con trastorno del espectro del autismo (TEA) y trastorno por d\u00e9ficit de atenci\u00f3n e hiperactividad (TDAH), as\u00ed como a sus familias. Como ya se hab\u00eda&#8230;<\/p>\n","protected":false},"author":3,"featured_media":17620,"comment_status":"closed","ping_status":"closed","sticky":false,"template":"","format":"standard","meta":{"footnotes":""},"categories":[45],"tags":[],"class_list":["post-17621","post","type-post","status-publish","format-standard","has-post-thumbnail","hentry","category-voluntariado"],"_links":{"self":[{"href":"https:\/\/www.lasoci.org\/es\/wp-json\/wp\/v2\/posts\/17621","targetHints":{"allow":["GET"]}}],"collection":[{"href":"https:\/\/www.lasoci.org\/es\/wp-json\/wp\/v2\/posts"}],"about":[{"href":"https:\/\/www.lasoci.org\/es\/wp-json\/wp\/v2\/types\/post"}],"author":[{"embeddable":true,"href":"https:\/\/www.lasoci.org\/es\/wp-json\/wp\/v2\/users\/3"}],"replies":[{"embeddable":true,"href":"https:\/\/www.lasoci.org\/es\/wp-json\/wp\/v2\/comments?post=17621"}],"version-history":[{"count":1,"href":"https:\/\/www.lasoci.org\/es\/wp-json\/wp\/v2\/posts\/17621\/revisions"}],"predecessor-version":[{"id":17622,"href":"https:\/\/www.lasoci.org\/es\/wp-json\/wp\/v2\/posts\/17621\/revisions\/17622"}],"wp:featuredmedia":[{"embeddable":true,"href":"https:\/\/www.lasoci.org\/es\/wp-json\/wp\/v2\/media\/17620"}],"wp:attachment":[{"href":"https:\/\/www.lasoci.org\/es\/wp-json\/wp\/v2\/media?parent=17621"}],"wp:term":[{"taxonomy":"category","embeddable":true,"href":"https:\/\/www.lasoci.org\/es\/wp-json\/wp\/v2\/categories?post=17621"},{"taxonomy":"post_tag","embeddable":true,"href":"https:\/\/www.lasoci.org\/es\/wp-json\/wp\/v2\/tags?post=17621"}],"curies":[{"name":"wp","href":"https:\/\/api.w.org\/{rel}","templated":true}]}}