{"id":17466,"date":"2025-11-05T11:41:36","date_gmt":"2025-11-05T10:41:36","guid":{"rendered":"https:\/\/www.lasoci.org\/historia-barcelona-analiza-la-vida-y-obra-de-georges-bizet\/"},"modified":"2025-11-05T11:41:36","modified_gmt":"2025-11-05T10:41:36","slug":"historia-barcelona-analiza-la-vida-y-obra-de-georges-bizet","status":"publish","type":"post","link":"https:\/\/www.lasoci.org\/es\/historia-barcelona-analiza-la-vida-y-obra-de-georges-bizet\/","title":{"rendered":"Hist\u00f2ria Barcelona analiza la vida y obra de Georges Bizet"},"content":{"rendered":"\n<p>Guiados por el profesor y divulgador cultural Joan Vives, nos adentramos en la carrera profesional del compositor (Par\u00eds,1838 &#8211; Bougival, Francia, 1875).<\/p>\n\n<p>Un m\u00fasico muy exigente consigo mismo, de producci\u00f3n escasa y que dispone de un gran n\u00famero de obras inacabadas o retiradas por el propio compositor. Tuvimos la oportunidad de escuchar algunas de sus composiciones, como la \u201cSinfon\u00eda en do mayor\u201d (1855). Tambi\u00e9n escuchamos fragmentos de algunas de sus primeras \u00f3peras, \u201cDon Procopio\u201d, \u201cLos pescadores de perlas\u201d (1863) o la \u201cBella chica de Perth\u201d (1867), obras estas acogidas con cierta frialdad por el p\u00fablico de la \u00e9poca. Tambi\u00e9n compuso la m\u00fasica para la obra de Daudet, \u00abLa arlesiana\u00bb (1872). Esta \u00faltima y la apertura Patria (1873) fueron las \u00fanicas obras que tuvieron cierto \u00e9xito en vida del m\u00fasico.<\/p>\n\n<p>Georges Bizet gan\u00f3 algunos premios como estudiante en el Conservatorio de Par\u00eds, gracias a la cantata \u201cClovis et Clotilde\u201d. Fue reconocido como un pianista excepcional, aunque prefiri\u00f3 no aprovechar su habilidad y en contadas ocasiones toc\u00f3 en p\u00fablico. Se le considera uno de los maestros del arte l\u00edrico franc\u00e9s por la potencia, la variedad de vocabulario arm\u00f3nico y la forma de orquestar. El escenario de sus \u00f3peras las sit\u00faa fuera de Francia utilizando elementos ex\u00f3ticos bien estudiados.<\/p>\n\n<p>Antes de finalizar la sesi\u00f3n disfrutamos de algunas arias de la \u00f3pera \u201cCarmen\u201d (1874-1875). El libreto, inspirado en la novela hom\u00f3nima de Prosper Merim\u00e9e, narra la aventura amorosa entre la gitana Carmen y el joven soldado Jos\u00e9. \u00c9ste acabar\u00e1 con la total degradaci\u00f3n como soldado y, fruto de la pasi\u00f3n y los celos, acabar\u00e1 asesinando a Carmen, tema demasiado realista para el p\u00fablico de aquella \u00e9poca.<\/p>\n\n<p>Cabe decir que los cr\u00edticos de la \u00e9poca fueron muy duros y el estreno fue un fracaso. Profundamente afectado por las violentas e injustas cr\u00edticas, Bizet muri\u00f3 a consecuencia de un ataque al coraz\u00f3n a los 37 a\u00f1os.<\/p>\n\n<p>Hoy en d\u00eda \u201cCarmen\u201d, es la tercera \u00f3pera m\u00e1s representada en el mundo, s\u00f3lo detr\u00e1s de \u201cLa traviata\u201d (de Giuseppe Verdi) y \u201cLa flauta m\u00e1gica\u201d (de Wolfgang Amadeus Mozart).<\/p>\n\n<p>Una sesi\u00f3n memorable para conocer en profundidad el legado de este compositor.<\/p>\n\n<p>Roser P\u00e1ez<br\/>Delegada de Hist\u00f2ria Barcelona<\/p>\n","protected":false},"excerpt":{"rendered":"<p>Guiados por el profesor y divulgador cultural Joan Vives, nos adentramos en la carrera profesional del compositor (Par\u00eds,1838 &#8211; Bougival, Francia, 1875). Un m\u00fasico muy exigente consigo mismo, de producci\u00f3n escasa y que dispone de un gran n\u00famero de obras inacabadas o retiradas por el propio compositor. Tuvimos la oportunidad de escuchar algunas de sus&#8230;<\/p>\n","protected":false},"author":3,"featured_media":17465,"comment_status":"closed","ping_status":"closed","sticky":false,"template":"","format":"standard","meta":{"footnotes":""},"categories":[44],"tags":[],"class_list":["post-17466","post","type-post","status-publish","format-standard","has-post-thumbnail","hentry","category-cultura-es"],"_links":{"self":[{"href":"https:\/\/www.lasoci.org\/es\/wp-json\/wp\/v2\/posts\/17466","targetHints":{"allow":["GET"]}}],"collection":[{"href":"https:\/\/www.lasoci.org\/es\/wp-json\/wp\/v2\/posts"}],"about":[{"href":"https:\/\/www.lasoci.org\/es\/wp-json\/wp\/v2\/types\/post"}],"author":[{"embeddable":true,"href":"https:\/\/www.lasoci.org\/es\/wp-json\/wp\/v2\/users\/3"}],"replies":[{"embeddable":true,"href":"https:\/\/www.lasoci.org\/es\/wp-json\/wp\/v2\/comments?post=17466"}],"version-history":[{"count":1,"href":"https:\/\/www.lasoci.org\/es\/wp-json\/wp\/v2\/posts\/17466\/revisions"}],"predecessor-version":[{"id":17467,"href":"https:\/\/www.lasoci.org\/es\/wp-json\/wp\/v2\/posts\/17466\/revisions\/17467"}],"wp:featuredmedia":[{"embeddable":true,"href":"https:\/\/www.lasoci.org\/es\/wp-json\/wp\/v2\/media\/17465"}],"wp:attachment":[{"href":"https:\/\/www.lasoci.org\/es\/wp-json\/wp\/v2\/media?parent=17466"}],"wp:term":[{"taxonomy":"category","embeddable":true,"href":"https:\/\/www.lasoci.org\/es\/wp-json\/wp\/v2\/categories?post=17466"},{"taxonomy":"post_tag","embeddable":true,"href":"https:\/\/www.lasoci.org\/es\/wp-json\/wp\/v2\/tags?post=17466"}],"curies":[{"name":"wp","href":"https:\/\/api.w.org\/{rel}","templated":true}]}}