{"id":17393,"date":"2025-10-13T13:40:49","date_gmt":"2025-10-13T11:40:49","guid":{"rendered":"https:\/\/www.lasoci.org\/historia-barcelona-visita-la-casa-coll-i-regas-una-perla-del-modernismo\/"},"modified":"2025-10-13T13:40:49","modified_gmt":"2025-10-13T11:40:49","slug":"historia-barcelona-visita-la-casa-coll-i-regas-una-perla-del-modernismo","status":"publish","type":"post","link":"https:\/\/www.lasoci.org\/es\/historia-barcelona-visita-la-casa-coll-i-regas-una-perla-del-modernismo\/","title":{"rendered":"Hist\u00f2ria Barcelona visita la casa Coll i Reg\u00e0s, una perla del modernismo"},"content":{"rendered":"\n<p>Fascinaci\u00f3n ser\u00eda la palabra que definir\u00eda la experiencia vivida durante la visita a esta casa situada en la calle Argentona, 55, de Matar\u00f3.<\/p>\n\n<p>La Casa Coll i Reg\u00e0s fue proyectada por el arquitecto catal\u00e1n Josep Puig i Cadafalch en 1898 por encargo del empresario mataronense Joaquim Coll i Reg\u00e0s (1855). Su padre y su abuelo paternos eran sastres, y el abuelo materno, Feliciano Reg\u00e0s, ten\u00eda una f\u00e1brica en la que Joaquim Coll i Reg\u00e0s empez\u00f3 a trabajar.<\/p>\n\n<p>En la ciudad de Matar\u00f3, se encarg\u00f3 de urbanizar muchas calles y de modificar, modernizar y ampliar la red de cloacas, muchas de las cuales todav\u00eda se encuentran en perfecto estado.<\/p>\n\n<p>En cuanto al arquitecto, Josep Puig i Cadafalch es conocido y reconocido, tanto por su faceta constructora, como por su vertiente hist\u00f3rica y pol\u00edtica. Un personaje muy interesante digno de estudio y admiraci\u00f3n. \u00c9l es el art\u00edfice de otros edificios modernistas situados en Barcelona ciudad, como el Palacio Rom\u00e0 Macaya, el Palacio del Bar\u00f3n de Quadres o la casa Amatller, entre otros.<\/p>\n\n<p>La casa Coll i Reg\u00e0s es un edificio de 4 plantas: s\u00f3tano, planta baja, primer piso y buhardilla. El estilo sigue la tradici\u00f3n de los casales de la burgues\u00eda de Matar\u00f3 y es el \u00fanico casal de la \u00e9poca modernista construido en la ciudad. En la fachada principal, el esgrafiado se sit\u00faa en toda la superficie libre entre los elementos p\u00e9treos. La decoraci\u00f3n interior es de gran belleza. A destacar los esgrafiados de la mayor parte de los paramentos de la casa. Algunos puramente decorativos y otros combinados con piezas de cer\u00e1mica.<\/p>\n\n<p>Parte del grupo terminamos la visita tomando un vermut en la terraza. En la Catalunya de principios del siglo XX \u00abtomar el vermut\u00bb era una excusa para quedar con los amigos y la familia antes de comer, sobre todo los domingos despu\u00e9s de ir a misa.<\/p>\n\n<p>\u00a1Una mirada al pasado que nos permiti\u00f3 vivir por unas horas la vida de los mataronenses de aquella \u00e9poca!<\/p>\n\n<p><strong>Roser P\u00e1ez, delegada de Historia Barcelona<\/strong><\/p>\n","protected":false},"excerpt":{"rendered":"<p>Fascinaci\u00f3n ser\u00eda la palabra que definir\u00eda la experiencia vivida durante la visita a esta casa situada en la calle Argentona, 55, de Matar\u00f3. La Casa Coll i Reg\u00e0s fue proyectada por el arquitecto catal\u00e1n Josep Puig i Cadafalch en 1898 por encargo del empresario mataronense Joaquim Coll i Reg\u00e0s (1855). Su padre y su abuelo&#8230;<\/p>\n","protected":false},"author":3,"featured_media":17391,"comment_status":"closed","ping_status":"closed","sticky":false,"template":"","format":"standard","meta":{"footnotes":""},"categories":[44],"tags":[],"class_list":["post-17393","post","type-post","status-publish","format-standard","has-post-thumbnail","hentry","category-cultura-es"],"_links":{"self":[{"href":"https:\/\/www.lasoci.org\/es\/wp-json\/wp\/v2\/posts\/17393","targetHints":{"allow":["GET"]}}],"collection":[{"href":"https:\/\/www.lasoci.org\/es\/wp-json\/wp\/v2\/posts"}],"about":[{"href":"https:\/\/www.lasoci.org\/es\/wp-json\/wp\/v2\/types\/post"}],"author":[{"embeddable":true,"href":"https:\/\/www.lasoci.org\/es\/wp-json\/wp\/v2\/users\/3"}],"replies":[{"embeddable":true,"href":"https:\/\/www.lasoci.org\/es\/wp-json\/wp\/v2\/comments?post=17393"}],"version-history":[{"count":1,"href":"https:\/\/www.lasoci.org\/es\/wp-json\/wp\/v2\/posts\/17393\/revisions"}],"predecessor-version":[{"id":17394,"href":"https:\/\/www.lasoci.org\/es\/wp-json\/wp\/v2\/posts\/17393\/revisions\/17394"}],"wp:featuredmedia":[{"embeddable":true,"href":"https:\/\/www.lasoci.org\/es\/wp-json\/wp\/v2\/media\/17391"}],"wp:attachment":[{"href":"https:\/\/www.lasoci.org\/es\/wp-json\/wp\/v2\/media?parent=17393"}],"wp:term":[{"taxonomy":"category","embeddable":true,"href":"https:\/\/www.lasoci.org\/es\/wp-json\/wp\/v2\/categories?post=17393"},{"taxonomy":"post_tag","embeddable":true,"href":"https:\/\/www.lasoci.org\/es\/wp-json\/wp\/v2\/tags?post=17393"}],"curies":[{"name":"wp","href":"https:\/\/api.w.org\/{rel}","templated":true}]}}