{"id":17346,"date":"2025-09-16T13:08:54","date_gmt":"2025-09-16T11:08:54","guid":{"rendered":"https:\/\/www.lasoci.org\/gent-amb-experiencia-estancia-en-el-balneario-de-caldes-de-boi\/"},"modified":"2025-09-16T13:08:54","modified_gmt":"2025-09-16T11:08:54","slug":"gent-amb-experiencia-estancia-en-el-balneario-de-caldes-de-boi","status":"publish","type":"post","link":"https:\/\/www.lasoci.org\/es\/gent-amb-experiencia-estancia-en-el-balneario-de-caldes-de-boi\/","title":{"rendered":"Gent amb experi\u00e8ncia: estancia en el balneario de Caldes de Bo\u00ed"},"content":{"rendered":"\n<p>Del 7 al 16 de julio un grupo de 33 personas hicimos la estancia en el balneario de Caldes de Bo\u00ed, organizada por la secci\u00f3n de Barcelona <strong>Gent amb experi\u00e8ncia<\/strong>, impulsada por la delegada Montserrat Ventura. Cumplimos el objetivo de nuestra estancia: disfrutar del centro termal y de las sanas aguas de este balneario y especialmente de la naturaleza que rodea a las instalaciones, ubicadas dentro de un peque\u00f1o valle rodeado de altas monta\u00f1as.<\/p>\n\n<p>El balneario de Caldes de Bo\u00ed, a 1.470 metros de altura, tiene 24 hect\u00e1reas de espacios ajardinados junto al r\u00edo Noguera de Tor, con manantiales, un peque\u00f1o estanque donde vive una familia de patos, un recinto con tres piscinas de agua termal, y caminos que conducen a 37 fuentes de aguas mineromedicinales de diferentes composiciones y temperaturas que oscilan de los 4 a los 56 grados. Vale la pena pasear por el gran recinto, lleno de \u00e1rboles frondosos que ofrecen toda la gama de verdes posible, escuchar a los p\u00e1jaros y el rumor del agua de las fuentes y del r\u00edo.<\/p>\n\n<p>Instalados en el balneario, lo primero es la visita m\u00e9dica. Aparte de los tratamientos seg\u00fan prescripci\u00f3n facultativa \u2013recinto termal, inhalaciones, duchas, estufa, masajes&#8230; y los fangos (la estrella del establecimiento)\u2013 pudimos disfrutar de las piscinas termales al aire libre. Las comidas las hicimos en mesas redondas que permitieron animadas conversaciones.<\/p>\n\n<p>Como complemento, se realizaron actividades opcionales dentro del hotel (talleres de actividades diversas, visita al museo de las motos antiguas, un animado concierto el s\u00e1bado por la noche) y salidas con nuestro gu\u00eda Roger para visitar el Parque Nacional de Aig\u00fcestortes; las tres iglesias rom\u00e1nicas de Erill la Vall, Santa Maria y Sant Climent de Ta\u00fcll, y el Centre del Rom\u00e0nic de la Vall de Bo\u00ed, inaugurado recientemente, que proporciona al visitante las claves para conocer y entender el conjunto de iglesias rom\u00e1nicas del Vall de Bo\u00ed.<\/p>\n\n<p>Gracias a la coordinaci\u00f3n eficiente del compa\u00f1ero Toni Buis\u00e1n, esta estancia fue muy positiva para todos. \u00a1Hasta el pr\u00f3ximo a\u00f1o!<\/p>\n\n<p><strong>Carmen Buis\u00e1n Serradell<\/strong><\/p>\n","protected":false},"excerpt":{"rendered":"<p>Del 7 al 16 de julio un grupo de 33 personas hicimos la estancia en el balneario de Caldes de Bo\u00ed, organizada por la secci\u00f3n de Barcelona Gent amb experi\u00e8ncia, impulsada por la delegada Montserrat Ventura. Cumplimos el objetivo de nuestra estancia: disfrutar del centro termal y de las sanas aguas de este balneario y&#8230;<\/p>\n","protected":false},"author":3,"featured_media":17344,"comment_status":"closed","ping_status":"closed","sticky":false,"template":"","format":"standard","meta":{"footnotes":""},"categories":[44],"tags":[],"class_list":["post-17346","post","type-post","status-publish","format-standard","has-post-thumbnail","hentry","category-cultura-es"],"_links":{"self":[{"href":"https:\/\/www.lasoci.org\/es\/wp-json\/wp\/v2\/posts\/17346","targetHints":{"allow":["GET"]}}],"collection":[{"href":"https:\/\/www.lasoci.org\/es\/wp-json\/wp\/v2\/posts"}],"about":[{"href":"https:\/\/www.lasoci.org\/es\/wp-json\/wp\/v2\/types\/post"}],"author":[{"embeddable":true,"href":"https:\/\/www.lasoci.org\/es\/wp-json\/wp\/v2\/users\/3"}],"replies":[{"embeddable":true,"href":"https:\/\/www.lasoci.org\/es\/wp-json\/wp\/v2\/comments?post=17346"}],"version-history":[{"count":1,"href":"https:\/\/www.lasoci.org\/es\/wp-json\/wp\/v2\/posts\/17346\/revisions"}],"predecessor-version":[{"id":17347,"href":"https:\/\/www.lasoci.org\/es\/wp-json\/wp\/v2\/posts\/17346\/revisions\/17347"}],"wp:featuredmedia":[{"embeddable":true,"href":"https:\/\/www.lasoci.org\/es\/wp-json\/wp\/v2\/media\/17344"}],"wp:attachment":[{"href":"https:\/\/www.lasoci.org\/es\/wp-json\/wp\/v2\/media?parent=17346"}],"wp:term":[{"taxonomy":"category","embeddable":true,"href":"https:\/\/www.lasoci.org\/es\/wp-json\/wp\/v2\/categories?post=17346"},{"taxonomy":"post_tag","embeddable":true,"href":"https:\/\/www.lasoci.org\/es\/wp-json\/wp\/v2\/tags?post=17346"}],"curies":[{"name":"wp","href":"https:\/\/api.w.org\/{rel}","templated":true}]}}