{"id":17213,"date":"2025-08-04T10:37:00","date_gmt":"2025-08-04T08:37:00","guid":{"rendered":"https:\/\/www.lasoci.org\/clausura-y-entrega-de-premios-de-la-liga-de-primavera-de-truc-mallorca\/"},"modified":"2025-07-18T10:45:19","modified_gmt":"2025-07-18T08:45:19","slug":"clausura-y-entrega-de-premios-de-la-liga-de-primavera-de-truc-mallorca","status":"publish","type":"post","link":"https:\/\/www.lasoci.org\/es\/clausura-y-entrega-de-premios-de-la-liga-de-primavera-de-truc-mallorca\/","title":{"rendered":"Clausura y entrega de premios de la Liga de Primavera de Truc Mallorca"},"content":{"rendered":"\n<p>La secci\u00f3n de Jocs de Taula Mallorca, encabezada por el delegado Francesc Barcel\u00f3, celebr\u00f3 el 24 de junio el encuentro final y la entrega de premios de <strong>la Liga de Primavera de Truc Mallorca<\/strong>, una competici\u00f3n que ha reunido a jugadores y jugadoras habituales de este tradicional juego de cartas durante los \u00faltimos meses.<\/p>\n\n\n\n<p>La liga se ha disputado en dos grupos semanales, los lunes y los mi\u00e9rcoles, con un ambiente de compa\u00f1erismo y sana rivalidad.<\/p>\n\n\n\n<p>Los <strong>ganadores del grupo del lunes<\/strong> han sido:<\/p>\n\n\n\n<ol start=\"1\" class=\"wp-block-list\">\n<li><strong>Maria Luisa Bonn\u00edn<\/strong>, \u00abLisa\u00bb, que se ha proclamado campeona con una actuaci\u00f3n destacada durante toda la temporada..<\/li>\n\n\n\n<li><strong>Joan Planells<\/strong>, subcampe\u00f3n del grupo.<\/li>\n<\/ol>\n\n\n\n<p>Por lo que respecta al <strong>grupo de los mi\u00e9rcoles<\/strong>, los primeros clasificados han sido:<\/p>\n\n\n\n<ol start=\"1\" class=\"wp-block-list\">\n<li><strong>Juan Barcel\u00f3<\/strong>, que ha mostrado un gran dominio del truc.<\/li>\n\n\n\n<li><strong>Antoni,<\/strong> conocido como \u00abToni bomber\u00bb, que ha quedado en segunda posici\u00f3n.<\/li>\n<\/ol>\n\n\n\n<p>La jornada de clausura concluy\u00f3 con un peque\u00f1o refrigerio y un reconocimiento a los ganadores y participantes, por su dedicaci\u00f3n y entusiasmo.<\/p>\n\n\n\n<p>En septiembre vuelven las actividades de Jocs de Taula Mallorca, con la Liga de Verano de Truc Mallorca. \u00bfTe apuntas?<\/p>\n","protected":false},"excerpt":{"rendered":"<p>La secci\u00f3n de Jocs de Taula Mallorca, encabezada por el delegado Francesc Barcel\u00f3, celebr\u00f3 el 24 de junio el encuentro final y la entrega de premios de la Liga de Primavera de Truc Mallorca, una competici\u00f3n que ha reunido a jugadores y jugadoras habituales de este tradicional juego de cartas durante los \u00faltimos meses. La&#8230;<\/p>\n","protected":false},"author":3,"featured_media":17211,"comment_status":"closed","ping_status":"closed","sticky":false,"template":"","format":"standard","meta":{"footnotes":""},"categories":[44],"tags":[],"class_list":["post-17213","post","type-post","status-publish","format-standard","has-post-thumbnail","hentry","category-cultura-es"],"_links":{"self":[{"href":"https:\/\/www.lasoci.org\/es\/wp-json\/wp\/v2\/posts\/17213","targetHints":{"allow":["GET"]}}],"collection":[{"href":"https:\/\/www.lasoci.org\/es\/wp-json\/wp\/v2\/posts"}],"about":[{"href":"https:\/\/www.lasoci.org\/es\/wp-json\/wp\/v2\/types\/post"}],"author":[{"embeddable":true,"href":"https:\/\/www.lasoci.org\/es\/wp-json\/wp\/v2\/users\/3"}],"replies":[{"embeddable":true,"href":"https:\/\/www.lasoci.org\/es\/wp-json\/wp\/v2\/comments?post=17213"}],"version-history":[{"count":2,"href":"https:\/\/www.lasoci.org\/es\/wp-json\/wp\/v2\/posts\/17213\/revisions"}],"predecessor-version":[{"id":17215,"href":"https:\/\/www.lasoci.org\/es\/wp-json\/wp\/v2\/posts\/17213\/revisions\/17215"}],"wp:featuredmedia":[{"embeddable":true,"href":"https:\/\/www.lasoci.org\/es\/wp-json\/wp\/v2\/media\/17211"}],"wp:attachment":[{"href":"https:\/\/www.lasoci.org\/es\/wp-json\/wp\/v2\/media?parent=17213"}],"wp:term":[{"taxonomy":"category","embeddable":true,"href":"https:\/\/www.lasoci.org\/es\/wp-json\/wp\/v2\/categories?post=17213"},{"taxonomy":"post_tag","embeddable":true,"href":"https:\/\/www.lasoci.org\/es\/wp-json\/wp\/v2\/tags?post=17213"}],"curies":[{"name":"wp","href":"https:\/\/api.w.org\/{rel}","templated":true}]}}