{"id":17206,"date":"2025-07-30T10:40:00","date_gmt":"2025-07-30T08:40:00","guid":{"rendered":"https:\/\/www.lasoci.org\/en-golf-tenerife-embocan-todo-el-verano\/"},"modified":"2025-07-17T15:08:59","modified_gmt":"2025-07-17T13:08:59","slug":"en-golf-tenerife-embocan-todo-el-verano","status":"publish","type":"post","link":"https:\/\/www.lasoci.org\/es\/en-golf-tenerife-embocan-todo-el-verano\/","title":{"rendered":"En Golf Tenerife embocan todo el verano"},"content":{"rendered":"\n<p>Las instalaciones del Club de Golf Las Am\u00e9ricas acogieron un nuevo Torneo de Golf la Soci, organizado por la secci\u00f3n de Golf Tenerife, en el que participaron 15 asociados y asociadas y familiares beneficiarios. La jornada, marcada por un ambiente de camarader\u00eda y sana competencia, comenz\u00f3 puntualmente con salida a las 11.00 horas.<\/p>\n\n<p>Los jugadores disfrutaron de un recorrido en perfectas condiciones, lo que contribuy\u00f3 al buen desarrollo del torneo. Desde el primer hoyo, se respir\u00f3 entusiasmo y un alto nivel de juego entre los participantes.<\/p>\n\n<p>Lejos de detenerse por el periodo estival, la secci\u00f3n, con Miguel \u00c1ngel Jim\u00e9nez al frente, ya tiene programados nuevos torneos para los meses de agosto y septiembre, demostrando que el golf no se toma vacaciones en Tenerife.<\/p>\n","protected":false},"excerpt":{"rendered":"<p>Las instalaciones del Club de Golf Las Am\u00e9ricas acogieron un nuevo Torneo de Golf la Soci, organizado por la secci\u00f3n de Golf Tenerife, en el que participaron 15 asociados y asociadas y familiares beneficiarios. La jornada, marcada por un ambiente de camarader\u00eda y sana competencia, comenz\u00f3 puntualmente con salida a las 11.00 horas. Los jugadores&#8230;<\/p>\n","protected":false},"author":3,"featured_media":17204,"comment_status":"closed","ping_status":"closed","sticky":false,"template":"","format":"standard","meta":{"footnotes":""},"categories":[48],"tags":[],"class_list":["post-17206","post","type-post","status-publish","format-standard","has-post-thumbnail","hentry","category-deporte"],"_links":{"self":[{"href":"https:\/\/www.lasoci.org\/es\/wp-json\/wp\/v2\/posts\/17206","targetHints":{"allow":["GET"]}}],"collection":[{"href":"https:\/\/www.lasoci.org\/es\/wp-json\/wp\/v2\/posts"}],"about":[{"href":"https:\/\/www.lasoci.org\/es\/wp-json\/wp\/v2\/types\/post"}],"author":[{"embeddable":true,"href":"https:\/\/www.lasoci.org\/es\/wp-json\/wp\/v2\/users\/3"}],"replies":[{"embeddable":true,"href":"https:\/\/www.lasoci.org\/es\/wp-json\/wp\/v2\/comments?post=17206"}],"version-history":[{"count":1,"href":"https:\/\/www.lasoci.org\/es\/wp-json\/wp\/v2\/posts\/17206\/revisions"}],"predecessor-version":[{"id":17207,"href":"https:\/\/www.lasoci.org\/es\/wp-json\/wp\/v2\/posts\/17206\/revisions\/17207"}],"wp:featuredmedia":[{"embeddable":true,"href":"https:\/\/www.lasoci.org\/es\/wp-json\/wp\/v2\/media\/17204"}],"wp:attachment":[{"href":"https:\/\/www.lasoci.org\/es\/wp-json\/wp\/v2\/media?parent=17206"}],"wp:term":[{"taxonomy":"category","embeddable":true,"href":"https:\/\/www.lasoci.org\/es\/wp-json\/wp\/v2\/categories?post=17206"},{"taxonomy":"post_tag","embeddable":true,"href":"https:\/\/www.lasoci.org\/es\/wp-json\/wp\/v2\/tags?post=17206"}],"curies":[{"name":"wp","href":"https:\/\/api.w.org\/{rel}","templated":true}]}}