{"id":17200,"date":"2025-07-28T10:26:00","date_gmt":"2025-07-28T08:26:00","guid":{"rendered":"https:\/\/www.lasoci.org\/historia-barcelona-visita-la-exposicion-univers-goya-entre-la-llum-i-la-foscor\/"},"modified":"2025-07-17T14:31:12","modified_gmt":"2025-07-17T12:31:12","slug":"historia-barcelona-visita-la-exposicion-univers-goya-entre-la-llum-i-la-foscor","status":"publish","type":"post","link":"https:\/\/www.lasoci.org\/es\/historia-barcelona-visita-la-exposicion-univers-goya-entre-la-llum-i-la-foscor\/","title":{"rendered":"Hist\u00f2ria Barcelona visita la exposici\u00f3n: \u00abUnivers Goya. Entre la llum i la foscor\u201d"},"content":{"rendered":"\n<p>Integrantes de la secci\u00f3n de Hist\u00f2ria Barcelona, con Roser P\u00e1ez al frente, visitaron la extraordinaria exposici\u00f3n inmersiva dedicada a Francisco de Goya, ubicada en uno de los edificios m\u00e1s emblem\u00e1ticos modernistas de la ciudad, la Casa Amatller. Nos resume la visita la delegada de la secci\u00f3n.<\/p>\n\n<p>El artista vivi\u00f3 en un contexto hist\u00f3rico convulso a nivel espa\u00f1ol, pero tambi\u00e9n en Europa, marcado por el avance de las ideas ilustradas, la Revoluci\u00f3n francesa y la expansi\u00f3n napole\u00f3nica. A lo largo de su vida, vivir\u00e1 cambios pol\u00edticos y sociales a un ritmo fren\u00e9tico, y sufre conflictos personales que marcan su obra.<\/p>\n\n<p>Goya fue un pintor que domin\u00f3 la t\u00e9cnica y desafi\u00f3 a los convencionalismos art\u00edsticos de la \u00e9poca. Con una s\u00f3lida formaci\u00f3n e influenciado por los grandes maestros de la pintura, como Vel\u00e1zquez, Rubens o Rembrandt, experiment\u00f3 con diversas t\u00e9cnicas y alcanz\u00f3 una gran destreza tanto como pintor como grabador.<\/p>\n\n<p>La exposici\u00f3n recorre la vida y la obra del artista a trav\u00e9s de varios objetos de la \u00e9poca que nos acercan a las costumbres de finales del siglo XVIII y principios del XIX. Como es el caso del t\u00f3rculo original de Goya, una pieza hist\u00f3rica con la que tambi\u00e9n grabaron artistas como Picasso, T\u00e0pies y Antonio Saura. Una gran muestra de estampas de diferentes series de grabados. Y lo m\u00e1s espectacular, la sala inmersiva y de realidad virtual, donde recorrimos con arte digital y una gran banda sonora, las obras y los escenarios creados por Goya.<\/p>\n\n<p>La \u00faltima sala nos lleva a realizar un viaje virtual por los cuadros de Goya, recorriendo el r\u00edo Manzanares, escenario recurrente de muchas de sus obras, donde tambi\u00e9n encontramos la Quinta del Sordo, la casa de campo en la que vivi\u00f3, y la ermita de San Antonio de la Florida, decorada por el artista y donde descansan sus restos.<\/p>\n\n<p>Una exposici\u00f3n inmersiva donde las luces y las sombras del genio nos trasladaron a un mundo apasionante, \u00a1y que disfrutamos mucho!<\/p>\n","protected":false},"excerpt":{"rendered":"<p>Integrantes de la secci\u00f3n de Hist\u00f2ria Barcelona, con Roser P\u00e1ez al frente, visitaron la extraordinaria exposici\u00f3n inmersiva dedicada a Francisco de Goya, ubicada en uno de los edificios m\u00e1s emblem\u00e1ticos modernistas de la ciudad, la Casa Amatller. Nos resume la visita la delegada de la secci\u00f3n. El artista vivi\u00f3 en un contexto hist\u00f3rico convulso a&#8230;<\/p>\n","protected":false},"author":3,"featured_media":17198,"comment_status":"closed","ping_status":"closed","sticky":false,"template":"","format":"standard","meta":{"footnotes":""},"categories":[44],"tags":[],"class_list":["post-17200","post","type-post","status-publish","format-standard","has-post-thumbnail","hentry","category-cultura-es"],"_links":{"self":[{"href":"https:\/\/www.lasoci.org\/es\/wp-json\/wp\/v2\/posts\/17200","targetHints":{"allow":["GET"]}}],"collection":[{"href":"https:\/\/www.lasoci.org\/es\/wp-json\/wp\/v2\/posts"}],"about":[{"href":"https:\/\/www.lasoci.org\/es\/wp-json\/wp\/v2\/types\/post"}],"author":[{"embeddable":true,"href":"https:\/\/www.lasoci.org\/es\/wp-json\/wp\/v2\/users\/3"}],"replies":[{"embeddable":true,"href":"https:\/\/www.lasoci.org\/es\/wp-json\/wp\/v2\/comments?post=17200"}],"version-history":[{"count":1,"href":"https:\/\/www.lasoci.org\/es\/wp-json\/wp\/v2\/posts\/17200\/revisions"}],"predecessor-version":[{"id":17201,"href":"https:\/\/www.lasoci.org\/es\/wp-json\/wp\/v2\/posts\/17200\/revisions\/17201"}],"wp:featuredmedia":[{"embeddable":true,"href":"https:\/\/www.lasoci.org\/es\/wp-json\/wp\/v2\/media\/17198"}],"wp:attachment":[{"href":"https:\/\/www.lasoci.org\/es\/wp-json\/wp\/v2\/media?parent=17200"}],"wp:term":[{"taxonomy":"category","embeddable":true,"href":"https:\/\/www.lasoci.org\/es\/wp-json\/wp\/v2\/categories?post=17200"},{"taxonomy":"post_tag","embeddable":true,"href":"https:\/\/www.lasoci.org\/es\/wp-json\/wp\/v2\/tags?post=17200"}],"curies":[{"name":"wp","href":"https:\/\/api.w.org\/{rel}","templated":true}]}}