{"id":17002,"date":"2025-05-08T13:40:58","date_gmt":"2025-05-08T11:40:58","guid":{"rendered":"https:\/\/www.lasoci.org\/cantada-de-habaneras-solidaria-en-la-residencia-casa-de-familia\/"},"modified":"2025-05-08T13:47:22","modified_gmt":"2025-05-08T11:47:22","slug":"cantada-de-habaneras-solidaria-en-la-residencia-casa-de-familia","status":"publish","type":"post","link":"https:\/\/www.lasoci.org\/es\/cantada-de-habaneras-solidaria-en-la-residencia-casa-de-familia\/","title":{"rendered":"Cantada de habaneras solidaria en la Residencia Casa de Familia"},"content":{"rendered":"\n<p>Este martes 7 de mayo por la ma\u00f1ana, la Residencia Casa de Familia, situada en la avenida Reina Elisenda de Montcada de Barcelona, \u200b\u200bha acogido una emotiva cantada de habaneras solidaria a cargo del grupo Llobarros Platejats, de Cant Coral Barcelona.<\/p>\n\n\n\n<p>La actuaci\u00f3n, que ha comenzado a las 11.30 h, ha tra\u00eddo melod\u00edas marineras cl\u00e1sicas y ritmos nost\u00e1lgicos a los residentes y al personal del centro, que han seguido las canciones con gran entusiasmo y emoci\u00f3n. Temas como <em>El meu avi<\/em>, <em>La bella Lola<\/em> y <em>Vestida de nit<\/em> han llenado el sal\u00f3n principal de energ\u00eda y recuerdos.<\/p>\n\n\n\n<p>Los responsables de la residencia han agradecido profundamente la visita, destacando su valor humano y su impacto positivo entre los residentes.<\/p>\n\n\n\n<p>Una vez m\u00e1s, los Llobarros Platejats han puesto su voz y talento al servicio de los m\u00e1s desfavorecidos.<\/p>\n","protected":false},"excerpt":{"rendered":"<p>Este martes 7 de mayo por la ma\u00f1ana, la Residencia Casa de Familia, situada en la avenida Reina Elisenda de Montcada de Barcelona, \u200b\u200bha acogido una emotiva cantada de habaneras solidaria a cargo del grupo Llobarros Platejats, de Cant Coral Barcelona. La actuaci\u00f3n, que ha comenzado a las 11.30 h, ha tra\u00eddo melod\u00edas marineras cl\u00e1sicas&#8230;<\/p>\n","protected":false},"author":3,"featured_media":17000,"comment_status":"closed","ping_status":"closed","sticky":false,"template":"","format":"standard","meta":{"footnotes":""},"categories":[45],"tags":[],"class_list":["post-17002","post","type-post","status-publish","format-standard","has-post-thumbnail","hentry","category-voluntariado"],"_links":{"self":[{"href":"https:\/\/www.lasoci.org\/es\/wp-json\/wp\/v2\/posts\/17002","targetHints":{"allow":["GET"]}}],"collection":[{"href":"https:\/\/www.lasoci.org\/es\/wp-json\/wp\/v2\/posts"}],"about":[{"href":"https:\/\/www.lasoci.org\/es\/wp-json\/wp\/v2\/types\/post"}],"author":[{"embeddable":true,"href":"https:\/\/www.lasoci.org\/es\/wp-json\/wp\/v2\/users\/3"}],"replies":[{"embeddable":true,"href":"https:\/\/www.lasoci.org\/es\/wp-json\/wp\/v2\/comments?post=17002"}],"version-history":[{"count":2,"href":"https:\/\/www.lasoci.org\/es\/wp-json\/wp\/v2\/posts\/17002\/revisions"}],"predecessor-version":[{"id":17004,"href":"https:\/\/www.lasoci.org\/es\/wp-json\/wp\/v2\/posts\/17002\/revisions\/17004"}],"wp:featuredmedia":[{"embeddable":true,"href":"https:\/\/www.lasoci.org\/es\/wp-json\/wp\/v2\/media\/17000"}],"wp:attachment":[{"href":"https:\/\/www.lasoci.org\/es\/wp-json\/wp\/v2\/media?parent=17002"}],"wp:term":[{"taxonomy":"category","embeddable":true,"href":"https:\/\/www.lasoci.org\/es\/wp-json\/wp\/v2\/categories?post=17002"},{"taxonomy":"post_tag","embeddable":true,"href":"https:\/\/www.lasoci.org\/es\/wp-json\/wp\/v2\/tags?post=17002"}],"curies":[{"name":"wp","href":"https:\/\/api.w.org\/{rel}","templated":true}]}}