{"id":16895,"date":"2025-04-08T14:55:20","date_gmt":"2025-04-08T12:55:20","guid":{"rendered":"https:\/\/www.lasoci.org\/una-ruta-por-la-juderia-de-barcelona\/"},"modified":"2025-04-08T14:55:20","modified_gmt":"2025-04-08T12:55:20","slug":"una-ruta-por-la-juderia-de-barcelona","status":"publish","type":"post","link":"https:\/\/www.lasoci.org\/es\/una-ruta-por-la-juderia-de-barcelona\/","title":{"rendered":"\u00a1Una ruta por la juder\u00eda de Barcelona!"},"content":{"rendered":"\n<p>La secci\u00f3n de Hist\u00f2ria Barcelona, guiada por el profesor David Revelles, redescubre el denominado \u201ccall\u201d o barrio jud\u00edo de Barcelona. Un paseo por las calles que configuran este \u201ccall\u201d, cuyo significado es \u201ccallejita\u201d o \u201ccallej\u00f3n\u201d, que era el lugar ocupado por los jud\u00edos. <\/p>\n\n<p>La delegada de la secci\u00f3n, Roser P\u00e0ez, nos cuenta c\u00f3mo fue la salida.<\/p>\n\n<p>Visitamos el Call Major, delimitado por: al norte, la plaza de Sant Felip Neri; al sur por la plaza de Sant Jaume y la calle del Call; al este, Sant Honorat, y al oeste, Banys Nous. A continuaci\u00f3n, recorrimos el Call Menor, construido en el siglo XIII para dar cabida al crecimiento de la poblaci\u00f3n de la \u00e9poca y que delimita las calles de Boqueria, Raurich, de la Lleona y Aviny\u00f3. <\/p>\n\n<p>Un repaso por la historia de la poblaci\u00f3n jud\u00eda que lleg\u00f3 por primera vez a Barcelona poco despu\u00e9s del 70 d. C., como parte de la ola de inmigrantes procedentes de Europa, huyendo de la represi\u00f3n romana en Palestina. Se tiene constancia que hacia 1079 la poblaci\u00f3n jud\u00eda ascend\u00eda a unas 70 familias. <\/p>\n\n<p>Sabemos que la Barcelona medieval contaba aproximadamente con un 15% de jud\u00edos (unos 4.000) durante su \u00e9poca dorada, y la mayor\u00eda viv\u00edan en este barrio. Barcelona se gan\u00f3 la reputaci\u00f3n de \u201cciudad de sabios\u201d entre los jud\u00edos. Ellos trabajaban como m\u00e9dicos, cient\u00edficos, comerciantes y prestamistas de la aristocracia catalana. Como solo los jud\u00edos pod\u00edan prestar dinero legalmente, se convirtieron en los financistas oficiales de los soberanos de Catalunya. La poblaci\u00f3n jud\u00eda eran oficialmente propiedad de la corona. <\/p>\n\n<p>El gu\u00eda nos explic\u00f3 que la situaci\u00f3n de los jud\u00edos en Barcelona empeor\u00f3 cuando la ciudad se vio afectada por una hambruna que comenz\u00f3 en 1333 y con la peste negra en 1348, que acab\u00f3 con una quinta parte estimada de la poblaci\u00f3n de la ciudad. Muchos culparon a los jud\u00edos, lo que provoc\u00f3 un ataque al barrio jud\u00edo en 1349.<\/p>\n\n<p>Desde el estallido de la violencia el 5 de agosto hasta el 10 de agosto, aproximadamente 300 jud\u00edos fueron asesinados. Posteriormente y durante la Inquisici\u00f3n espa\u00f1ola, la poblaci\u00f3n jud\u00eda de Barcelona fue casi diezmada.<\/p>\n\n<p>Tuvimos la oportunidad de visitar la Sinagoga Mayor, tambi\u00e9n llamada Sinagoga Antigua, una de las m\u00e1s centenarias de Europa. Se cree que ha existido de alguna forma desde el siglo V. Durante la d\u00e9cada de 1990, la sinagoga fue restaurada y reabierta al p\u00fablico en 2003. <\/p>\n\n<p>Se estima en unos 3.500 los jud\u00edos que residen en Barcelona actualmente, lo que la convierte en la mayor concentraci\u00f3n de jud\u00edos en Espa\u00f1a. <\/p>\n\n<p>\u00a1Una ruta llena de historia y an\u00e9cdotas y que para la mayor\u00eda de los asistentes fue un verdadero descubrimiento!  <\/p>\n","protected":false},"excerpt":{"rendered":"<p>La secci\u00f3n de Hist\u00f2ria Barcelona, guiada por el profesor David Revelles, redescubre el denominado \u201ccall\u201d o barrio jud\u00edo de Barcelona. Un paseo por las calles que configuran este \u201ccall\u201d, cuyo significado es \u201ccallejita\u201d o \u201ccallej\u00f3n\u201d, que era el lugar ocupado por los jud\u00edos. La delegada de la secci\u00f3n, Roser P\u00e0ez, nos cuenta c\u00f3mo fue la&#8230;<\/p>\n","protected":false},"author":3,"featured_media":16893,"comment_status":"closed","ping_status":"closed","sticky":false,"template":"","format":"standard","meta":{"footnotes":""},"categories":[44],"tags":[],"class_list":["post-16895","post","type-post","status-publish","format-standard","has-post-thumbnail","hentry","category-cultura-es"],"_links":{"self":[{"href":"https:\/\/www.lasoci.org\/es\/wp-json\/wp\/v2\/posts\/16895","targetHints":{"allow":["GET"]}}],"collection":[{"href":"https:\/\/www.lasoci.org\/es\/wp-json\/wp\/v2\/posts"}],"about":[{"href":"https:\/\/www.lasoci.org\/es\/wp-json\/wp\/v2\/types\/post"}],"author":[{"embeddable":true,"href":"https:\/\/www.lasoci.org\/es\/wp-json\/wp\/v2\/users\/3"}],"replies":[{"embeddable":true,"href":"https:\/\/www.lasoci.org\/es\/wp-json\/wp\/v2\/comments?post=16895"}],"version-history":[{"count":1,"href":"https:\/\/www.lasoci.org\/es\/wp-json\/wp\/v2\/posts\/16895\/revisions"}],"predecessor-version":[{"id":16896,"href":"https:\/\/www.lasoci.org\/es\/wp-json\/wp\/v2\/posts\/16895\/revisions\/16896"}],"wp:featuredmedia":[{"embeddable":true,"href":"https:\/\/www.lasoci.org\/es\/wp-json\/wp\/v2\/media\/16893"}],"wp:attachment":[{"href":"https:\/\/www.lasoci.org\/es\/wp-json\/wp\/v2\/media?parent=16895"}],"wp:term":[{"taxonomy":"category","embeddable":true,"href":"https:\/\/www.lasoci.org\/es\/wp-json\/wp\/v2\/categories?post=16895"},{"taxonomy":"post_tag","embeddable":true,"href":"https:\/\/www.lasoci.org\/es\/wp-json\/wp\/v2\/tags?post=16895"}],"curies":[{"name":"wp","href":"https:\/\/api.w.org\/{rel}","templated":true}]}}