{"id":16767,"date":"2025-01-31T14:00:17","date_gmt":"2025-01-31T13:00:17","guid":{"rendered":"https:\/\/www.lasoci.org\/historia-mallorca-paseo-cultural-por-sencelles\/"},"modified":"2025-01-31T14:12:57","modified_gmt":"2025-01-31T13:12:57","slug":"historia-mallorca-paseo-cultural-por-sencelles","status":"publish","type":"post","link":"https:\/\/www.lasoci.org\/es\/historia-mallorca-paseo-cultural-por-sencelles\/","title":{"rendered":"Hist\u00f2ria Mallorca: paseo cultural por Sencelles"},"content":{"rendered":"\n<p>El jueves 16 de enero, Hist\u00f2ria Mallorca organiz\u00f3 una salida cultural en la localidad de Sencelles, en la que los participantes pudieron descubrir algunos de los lugares m\u00e1s emblem\u00e1ticos del municipio. Acompa\u00f1ados por Jordi Llabr\u00e9s, representante del Ayuntamiento de Sencelles, los asistentes disfrutaron de una jornada llena de cultura e historia local.<\/p>\n\n\n\n<p>El recorrido incluy\u00f3 visitas a la imponente iglesia parroquial de Sant Pere, una de las construcciones religiosas m\u00e1s representativas del municipio, as\u00ed como al convento y la casa natal de Sor Francinaina Cirer, la t\u00eda Xiroia, una figura hist\u00f3rica de gran relevancia en la zona.<\/p>\n\n\n\n<p>Una vez terminada la visita, la jornada culmin\u00f3 en un restaurante local, donde los participantes pudieron disfrutar de un almuerzo de hermandad e intercambiar impresiones sobre el paseo vivido.<\/p>\n\n\n\n<p>Con esta actividad, Historia Mallorca contin\u00faa fomentando la divulgaci\u00f3n cultural y la investigaci\u00f3n del patrimonio hist\u00f3rico de Mallorca. \u00a1Bravo!<\/p>\n","protected":false},"excerpt":{"rendered":"<p>El jueves 16 de enero, Hist\u00f2ria Mallorca organiz\u00f3 una salida cultural en la localidad de Sencelles, en la que los participantes pudieron descubrir algunos de los lugares m\u00e1s emblem\u00e1ticos del municipio. Acompa\u00f1ados por Jordi Llabr\u00e9s, representante del Ayuntamiento de Sencelles, los asistentes disfrutaron de una jornada llena de cultura e historia local. El recorrido incluy\u00f3&#8230;<\/p>\n","protected":false},"author":3,"featured_media":16765,"comment_status":"closed","ping_status":"closed","sticky":false,"template":"","format":"standard","meta":{"footnotes":""},"categories":[44],"tags":[],"class_list":["post-16767","post","type-post","status-publish","format-standard","has-post-thumbnail","hentry","category-cultura-es"],"_links":{"self":[{"href":"https:\/\/www.lasoci.org\/es\/wp-json\/wp\/v2\/posts\/16767","targetHints":{"allow":["GET"]}}],"collection":[{"href":"https:\/\/www.lasoci.org\/es\/wp-json\/wp\/v2\/posts"}],"about":[{"href":"https:\/\/www.lasoci.org\/es\/wp-json\/wp\/v2\/types\/post"}],"author":[{"embeddable":true,"href":"https:\/\/www.lasoci.org\/es\/wp-json\/wp\/v2\/users\/3"}],"replies":[{"embeddable":true,"href":"https:\/\/www.lasoci.org\/es\/wp-json\/wp\/v2\/comments?post=16767"}],"version-history":[{"count":2,"href":"https:\/\/www.lasoci.org\/es\/wp-json\/wp\/v2\/posts\/16767\/revisions"}],"predecessor-version":[{"id":16770,"href":"https:\/\/www.lasoci.org\/es\/wp-json\/wp\/v2\/posts\/16767\/revisions\/16770"}],"wp:featuredmedia":[{"embeddable":true,"href":"https:\/\/www.lasoci.org\/es\/wp-json\/wp\/v2\/media\/16765"}],"wp:attachment":[{"href":"https:\/\/www.lasoci.org\/es\/wp-json\/wp\/v2\/media?parent=16767"}],"wp:term":[{"taxonomy":"category","embeddable":true,"href":"https:\/\/www.lasoci.org\/es\/wp-json\/wp\/v2\/categories?post=16767"},{"taxonomy":"post_tag","embeddable":true,"href":"https:\/\/www.lasoci.org\/es\/wp-json\/wp\/v2\/tags?post=16767"}],"curies":[{"name":"wp","href":"https:\/\/api.w.org\/{rel}","templated":true}]}}