{"id":16188,"date":"2024-08-14T11:22:00","date_gmt":"2024-08-14T09:22:00","guid":{"rendered":"https:\/\/www.lasoci.org\/sumergete-en-una-aventura-unica-este-verano\/"},"modified":"2024-07-30T13:48:12","modified_gmt":"2024-07-30T11:48:12","slug":"sumergete-en-una-aventura-unica-este-verano","status":"publish","type":"post","link":"https:\/\/www.lasoci.org\/es\/sumergete-en-una-aventura-unica-este-verano\/","title":{"rendered":"\u00a1Sum\u00e9rgete en una aventura \u00fanica este verano!"},"content":{"rendered":"\n<p>Durante los meses de agosto y septiembre, las secciones de Actividades Subacu\u00e1ticas Madrid, Actividades Subacu\u00e1ticas Valencia y Activitats Subaqu\u00e0tiques de Catalunya, contin\u00faan con sus inmersiones. Tanto si eres un apasionado del submarinismo, como si simplemente quieres explorar el fascinante mundo bajo el agua, \u00e9sta es una oportunidad que no puedes dejar escapar.<\/p>\n\n<p><strong>Actividades Subacu\u00e1ticas Madrid<\/strong> ofrece una salida a la reserva de Cabo de Palos, para submarinistas de nivel avanzado. Con instructores certificados y equipos de \u00faltima generaci\u00f3n, te garantizan una experiencia segura e inolvidable.<\/p>\n\n<p><strong>Actividades Subacu\u00e1ticas Valencia<\/strong> ha preparado una excursi\u00f3n a la isla de Tabarca para descubrir la riqueza de la vida marina del Mediterr\u00e1neo, con inmersiones tranquilas donde los protagonistas son los grandes meros, la posidonia y los contrastes de luz.<\/p>\n\n<p><strong>Activitats Subaqu\u00e0tiques de Catalunya<\/strong> ha organizado un programa completo que abarca desde una salida desde el puerto de Matar\u00f3, hasta un viaje al Mar Rojo y otro a las Azores, con el objetivo de explorar el fondo del mar y vivir experiencias memorables.<\/p>\n\n<p>Tanto si buscas emoci\u00f3n como si deseas relajarte y conectar con la naturaleza, estas actividades subacu\u00e1ticas son una forma perfecta de disfrutar del verano. \u00a1Consulta la agenda y ap\u00fantate!<\/p>\n","protected":false},"excerpt":{"rendered":"<p>Durante los meses de agosto y septiembre, las secciones de Actividades Subacu\u00e1ticas Madrid, Actividades Subacu\u00e1ticas Valencia y Activitats Subaqu\u00e0tiques de Catalunya, contin\u00faan con sus inmersiones. Tanto si eres un apasionado del submarinismo, como si simplemente quieres explorar el fascinante mundo bajo el agua, \u00e9sta es una oportunidad que no puedes dejar escapar. Actividades Subacu\u00e1ticas Madrid&#8230;<\/p>\n","protected":false},"author":3,"featured_media":12772,"comment_status":"closed","ping_status":"closed","sticky":false,"template":"","format":"standard","meta":{"footnotes":""},"categories":[48],"tags":[],"class_list":["post-16188","post","type-post","status-publish","format-standard","has-post-thumbnail","hentry","category-deporte"],"_links":{"self":[{"href":"https:\/\/www.lasoci.org\/es\/wp-json\/wp\/v2\/posts\/16188","targetHints":{"allow":["GET"]}}],"collection":[{"href":"https:\/\/www.lasoci.org\/es\/wp-json\/wp\/v2\/posts"}],"about":[{"href":"https:\/\/www.lasoci.org\/es\/wp-json\/wp\/v2\/types\/post"}],"author":[{"embeddable":true,"href":"https:\/\/www.lasoci.org\/es\/wp-json\/wp\/v2\/users\/3"}],"replies":[{"embeddable":true,"href":"https:\/\/www.lasoci.org\/es\/wp-json\/wp\/v2\/comments?post=16188"}],"version-history":[{"count":1,"href":"https:\/\/www.lasoci.org\/es\/wp-json\/wp\/v2\/posts\/16188\/revisions"}],"predecessor-version":[{"id":16189,"href":"https:\/\/www.lasoci.org\/es\/wp-json\/wp\/v2\/posts\/16188\/revisions\/16189"}],"wp:featuredmedia":[{"embeddable":true,"href":"https:\/\/www.lasoci.org\/es\/wp-json\/wp\/v2\/media\/12772"}],"wp:attachment":[{"href":"https:\/\/www.lasoci.org\/es\/wp-json\/wp\/v2\/media?parent=16188"}],"wp:term":[{"taxonomy":"category","embeddable":true,"href":"https:\/\/www.lasoci.org\/es\/wp-json\/wp\/v2\/categories?post=16188"},{"taxonomy":"post_tag","embeddable":true,"href":"https:\/\/www.lasoci.org\/es\/wp-json\/wp\/v2\/tags?post=16188"}],"curies":[{"name":"wp","href":"https:\/\/api.w.org\/{rel}","templated":true}]}}