{"id":16017,"date":"2024-07-05T14:56:09","date_gmt":"2024-07-05T12:56:09","guid":{"rendered":"https:\/\/www.lasoci.org\/els-llobarros-platejats-tocan-en-la-residencia-gure-etxea\/"},"modified":"2024-07-05T14:58:03","modified_gmt":"2024-07-05T12:58:03","slug":"els-llobarros-platejats-tocan-en-la-residencia-gure-etxea","status":"publish","type":"post","link":"https:\/\/www.lasoci.org\/es\/els-llobarros-platejats-tocan-en-la-residencia-gure-etxea\/","title":{"rendered":"Els llobarros platejats tocan en la residencia Gure Etxea"},"content":{"rendered":"\n<p>Ya acudieron a actuar el a\u00f1o pasado, y residentes y trabajadores quedaron tan encantados, que este a\u00f1o no se han querido perder la cantada de habaneras de Els llobarros platejats. \u00a1As\u00ed que dicho y hecho! El 26 de junio, iniciando la temporada de verano, volvieron a tocar para los usuarios de la residencia Gure Etxea de Barcelona.<\/p>\n\n\n\n<p>Se trata de una residencia peque\u00f1a, formada en su mayor parte por se\u00f1oras muy mayores. Les esperaban con guirnaldas y peces y anclas colgando, en un ambiente festivo para celebrar un d\u00eda distinto.<\/p>\n\n\n\n<p>Els llobarros platejats, componentes de Cant Coral Barcelona, interpretaron las habaneras m\u00e1s conocidas, y las hicieron llegar a los corazones de todos los asistentes, que tambi\u00e9n pudieron compartir la alegr\u00eda y cantar con ellos. Las caras iluminadas del p\u00fablico lo dec\u00edan todo: eran el testimonio de la felicidad que la m\u00fasica llevaba al ambiente.<\/p>\n\n\n\n<p>Alegr\u00eda y afecto compartido por quien lo ofrece y por quien lo recibe. Esto es la acci\u00f3n solidaria de la Soci. \u00a1Enhorabuena!<\/p>\n","protected":false},"excerpt":{"rendered":"<p>Ya acudieron a actuar el a\u00f1o pasado, y residentes y trabajadores quedaron tan encantados, que este a\u00f1o no se han querido perder la cantada de habaneras de Els llobarros platejats. \u00a1As\u00ed que dicho y hecho! El 26 de junio, iniciando la temporada de verano, volvieron a tocar para los usuarios de la residencia Gure Etxea&#8230;<\/p>\n","protected":false},"author":3,"featured_media":16015,"comment_status":"closed","ping_status":"closed","sticky":false,"template":"","format":"standard","meta":{"footnotes":""},"categories":[45],"tags":[],"class_list":["post-16017","post","type-post","status-publish","format-standard","has-post-thumbnail","hentry","category-voluntariado"],"_links":{"self":[{"href":"https:\/\/www.lasoci.org\/es\/wp-json\/wp\/v2\/posts\/16017","targetHints":{"allow":["GET"]}}],"collection":[{"href":"https:\/\/www.lasoci.org\/es\/wp-json\/wp\/v2\/posts"}],"about":[{"href":"https:\/\/www.lasoci.org\/es\/wp-json\/wp\/v2\/types\/post"}],"author":[{"embeddable":true,"href":"https:\/\/www.lasoci.org\/es\/wp-json\/wp\/v2\/users\/3"}],"replies":[{"embeddable":true,"href":"https:\/\/www.lasoci.org\/es\/wp-json\/wp\/v2\/comments?post=16017"}],"version-history":[{"count":2,"href":"https:\/\/www.lasoci.org\/es\/wp-json\/wp\/v2\/posts\/16017\/revisions"}],"predecessor-version":[{"id":16019,"href":"https:\/\/www.lasoci.org\/es\/wp-json\/wp\/v2\/posts\/16017\/revisions\/16019"}],"wp:featuredmedia":[{"embeddable":true,"href":"https:\/\/www.lasoci.org\/es\/wp-json\/wp\/v2\/media\/16015"}],"wp:attachment":[{"href":"https:\/\/www.lasoci.org\/es\/wp-json\/wp\/v2\/media?parent=16017"}],"wp:term":[{"taxonomy":"category","embeddable":true,"href":"https:\/\/www.lasoci.org\/es\/wp-json\/wp\/v2\/categories?post=16017"},{"taxonomy":"post_tag","embeddable":true,"href":"https:\/\/www.lasoci.org\/es\/wp-json\/wp\/v2\/tags?post=16017"}],"curies":[{"name":"wp","href":"https:\/\/api.w.org\/{rel}","templated":true}]}}