{"id":15957,"date":"2024-06-28T12:12:00","date_gmt":"2024-06-28T10:12:00","guid":{"rendered":"https:\/\/www.lasoci.org\/montana-madrid-semana-en-los-pirineos-de-andorra\/"},"modified":"2024-06-19T14:01:04","modified_gmt":"2024-06-19T12:01:04","slug":"montana-madrid-semana-en-los-pirineos-de-andorra","status":"publish","type":"post","link":"https:\/\/www.lasoci.org\/es\/montana-madrid-semana-en-los-pirineos-de-andorra\/","title":{"rendered":"Monta\u00f1a Madrid: semana en los Pirineos de Andorra"},"content":{"rendered":"\n<p>Un grupo de trece compa\u00f1eros y compa\u00f1eras de Monta\u00f1a Madrid han pasado una semana disfrutando de los Pirineos. Este a\u00f1o, han elegido Andorra, para descubrir de nuevo la belleza de sus valles, lagos y picos.<\/p>\n\n\n\n<p>C\u00e1ndido del Castillo, delegado de la secci\u00f3n, nos explica c\u00f3mo ha ido la actividad.<\/p>\n\n\n\n<p><strong>Valle de Incles<\/strong><br>A pesar del mal tiempo que nos hizo, realizamos pr\u00e1cticamente el programa previsto: cinco excursiones de gran belleza. El primer d\u00eda, con lluvia y niebla durante toda la jornada, recorrimos el precios\u00edsimo valle de Incles. A pesar de la lluvia, podemos apreciar la belleza del valle con los rododendros y los brezos floridos, el camino de monta\u00f1a tiene alg\u00fan paso con ayuda de cadenas muy cerca ya del refugio y el ibon de Jucl\u00e0, el m\u00e1s grande de Andorra, que nos sorprende por su belleza entre la niebla y con alg\u00fan nevero en sus orillas. Ten\u00edamos previsto llegar hasta el collado Jucl\u00e0 y del Alba, pero la niebla se apoder\u00f3 de los picos y decidimos entrar en el refugio para secarnos un poco, tomar un caldo caliente, y despu\u00e9s de descansar un rato iniciamos la vuelta a los coches. Subimos m\u00e1s de 500 m de desnivel.<\/p>\n\n\n\n<p><strong>Valle del Madriu<\/strong><br>La segunda jornada, con mala previsi\u00f3n de tiempo, vamos\u00a0al valle del Madriu, uno de los pocos valles intactos de Andorra, iniciamos la excursi\u00f3n en el aparcamiento de la plana de Engolaster a 1.385 m de altitud, el camino coincide con el GR 11 y recorre el valle en cont\u00ednua subida pasando primero por el refugio de la Font Verda a 1.873 m de altitud, donde se queda parte del grupo. Los dem\u00e1s seguiremos subiendo hasta la cota 2.000, a la siguiente caba\u00f1a, y bajaremos a comer, sobre las dos, a la Font Verda. Completamos la jornada visitando el lago de Engolaster, donde nos cay\u00f3 una fuerte tormenta.<\/p>\n\n\n\n<p><strong>Pico Casamanya<\/strong><br>El tercer d\u00eda subimos al pico Casamanya, de 2.741 m de altitud, desde el collado de Ordino (1.980 m). Desde el principio hacemos dos grupos, en el primero vamos ocho y subiremos hasta el pico, los otros cinco van m\u00e1s despacio y se quedar\u00e1n en el collado. El sendero es muy exigente, con una gran inclinaci\u00f3n por una cuerda muy a\u00e9rea que nos hace, a pesar del esfuerzo, disfrutar de unas vistas espectaculares con los valles de la zona este de Andorra, coronados de picos nevados a nuestra derecha, y por el oeste los valles de Comapedrosa y la pica d\u2019Estats, una preciosidad de excursi\u00f3n que se corona al alcanzar la cumbre con unas vistas bell\u00edsimas de las tres cumbres que tiene el Casamanya, apareciendo y desapareciendo entre la niebla. Un lujo de excursi\u00f3n que compensa con creces el esfuerzo.<\/p>\n\n\n\n<p><strong>Valle de Ransol y Soldeu<\/strong><br>La cuarta jornada tiene muy mala previsi\u00f3n de tiempo, con lluvias a partir de las once de la ma\u00f1ana. Un grupo de ocho nos dirigimos hacia el valle de Ransol para subir hasta donde nos dejase la niebla. Los otros cinco se quedaron en Soldeu para hacer un recorrido partiendo desde el mismo hotel Himalaia.<\/p>\n\n\n\n<p>En el valle de Ransol partimos desde la Coma de Ransol (1.950 m ) sobre las diez menos cuarto y fuimos recorriendo el valle por el sendero que sube hacia el pico de la Serrera y que va paralelo al r\u00edo Ransol. Nos va descubriendo un valle muy bonito, lleno de colores verdes, amarillos y morados, mientras el r\u00edo se va despe\u00f1ando por grandes cascadas y nos envuelve con el ruido de sus aguas despe\u00f1\u00e1ndose.<\/p>\n\n\n\n<p>En apenas hora y media, alcanzamos el primer ibon de Ransol (2.440 m), una preciosidad de lago con grandes neveros alrededor que bajan por las laderas del valle hasta la orilla de sus aguas de tonos azulados. Paramos para comer algo y continuamos subiendo hasta descubrir el segundo ibon de Ransol, su superficie helada en distintos grados le confiere una belleza que nos sorprende y nos alegra. Son m\u00e1s de las once y media, empieza a nevar mientras baja una niebla que apenas nos deja ver nada por encima de nosotros. Decidimos dejar de subir y hacer una circular al valle hasta que nos topamos con unas grandes placas de pizarra mojada en un sendero muy inclinado y peligroso que nos hace volver sobre nuestros pasos, despu\u00e9s de cruzar varios neveros, y acabamos en los coches por el mismo camino donde hemos subido sobre las 14.30 h. Otra jornada de mal tiempo y gran belleza.<\/p>\n\n\n\n<p><strong>Valle de Comapedrosa<\/strong><br>La quinta y \u00faltima jornada, con buena previsi\u00f3n de tiempo, la empleamos para ir los trece al valle de Comapedrosa, en la zona de Arcal\u00eds al otro lado de Andorra. Hicimos dos grupos, de ocho y cinco, y partimos desde el aparcamiento del parque de Comapedrosa (1.575 m).<\/p>\n\n\n\n<p>Un grupo tiene como objetivo subir al refugio. El otro grupo tenemos el objetivo de subir primero hasta el refugio de Comapedrosa e ib\u00f3n de las Truites (2.250 m) y continuar subiendo hasta el lago Negro helado de Comapedrosa (2.640 m). Al grupo se nos ha unido Antonio (gu\u00eda de monta\u00f1a profesional, residente en Andorra) y Ant\u00f3n, conocidos de Dami\u00e1n y que van a pescar al ib\u00f3n de las Truites.<\/p>\n\n\n\n<p>El camino sigue el GR 11 y resulta precioso, pero muy duro por su gran inclinaci\u00f3n. Los 675 m de desnivel hasta el refugio por este tipo de sendero de monta\u00f1a se hacen muy duros y hace que cuatro del primer grupo se queden en el refugio mientras los otros cuatro continuamos hacia el lago Negro a una hora m\u00e1s de subida y otros 400 m m\u00e1s de desnivel. Al final har\u00edamos casi 1.200 m de desnivel en m\u00e1s de 15 km.<\/p>\n\n\n\n<p>El lago Negro helado cubre el fondo de un circo glacial a los pies del pico Comapedrosa, que con sus 2.932 m de altura es el pico m\u00e1s alto de Andorra y que se nos ofrece muy asequible, pero el circo y la subida es toda por nieve y no llevamos crampones para acometerlo. Nos conformamos con disfrutar del circo glacial cubierto de nieve y rodeado de picos espectaculares a nuestra vista, mientras paramos a comer sobre las 14 h.<\/p>\n\n\n\n<p>Mientras comemos se nos unen Antonio y Ant\u00f3n que vienen del lago y contin\u00faan hacia el lago Negro, mientras nosotros iniciamos la bajada desde el primer lago donde estamos.<\/p>\n\n\n\n<p>Cuando llegamos al refugio el primer grupo ha iniciado la bajada y los dem\u00e1s vamos bajando m\u00e1s tranquilos hasta los coches, donde llegamos sobre las seis de la tarde. Una jornada dura para todos y espectacular por sus paisajes.<\/p>\n","protected":false},"excerpt":{"rendered":"<p>Un grupo de trece compa\u00f1eros y compa\u00f1eras de Monta\u00f1a Madrid han pasado una semana disfrutando de los Pirineos. Este a\u00f1o, han elegido Andorra, para descubrir de nuevo la belleza de sus valles, lagos y picos. C\u00e1ndido del Castillo, delegado de la secci\u00f3n, nos explica c\u00f3mo ha ido la actividad. Valle de InclesA pesar del mal&#8230;<\/p>\n","protected":false},"author":3,"featured_media":15953,"comment_status":"closed","ping_status":"closed","sticky":false,"template":"","format":"standard","meta":{"footnotes":""},"categories":[48],"tags":[],"class_list":["post-15957","post","type-post","status-publish","format-standard","has-post-thumbnail","hentry","category-deporte"],"_links":{"self":[{"href":"https:\/\/www.lasoci.org\/es\/wp-json\/wp\/v2\/posts\/15957","targetHints":{"allow":["GET"]}}],"collection":[{"href":"https:\/\/www.lasoci.org\/es\/wp-json\/wp\/v2\/posts"}],"about":[{"href":"https:\/\/www.lasoci.org\/es\/wp-json\/wp\/v2\/types\/post"}],"author":[{"embeddable":true,"href":"https:\/\/www.lasoci.org\/es\/wp-json\/wp\/v2\/users\/3"}],"replies":[{"embeddable":true,"href":"https:\/\/www.lasoci.org\/es\/wp-json\/wp\/v2\/comments?post=15957"}],"version-history":[{"count":2,"href":"https:\/\/www.lasoci.org\/es\/wp-json\/wp\/v2\/posts\/15957\/revisions"}],"predecessor-version":[{"id":15959,"href":"https:\/\/www.lasoci.org\/es\/wp-json\/wp\/v2\/posts\/15957\/revisions\/15959"}],"wp:featuredmedia":[{"embeddable":true,"href":"https:\/\/www.lasoci.org\/es\/wp-json\/wp\/v2\/media\/15953"}],"wp:attachment":[{"href":"https:\/\/www.lasoci.org\/es\/wp-json\/wp\/v2\/media?parent=15957"}],"wp:term":[{"taxonomy":"category","embeddable":true,"href":"https:\/\/www.lasoci.org\/es\/wp-json\/wp\/v2\/categories?post=15957"},{"taxonomy":"post_tag","embeddable":true,"href":"https:\/\/www.lasoci.org\/es\/wp-json\/wp\/v2\/tags?post=15957"}],"curies":[{"name":"wp","href":"https:\/\/api.w.org\/{rel}","templated":true}]}}