{"id":15858,"date":"2024-06-10T14:26:41","date_gmt":"2024-06-10T12:26:41","guid":{"rendered":"https:\/\/www.lasoci.org\/concierto-de-habaneras-ron-cremat-y-coca-al-aire-libre\/"},"modified":"2024-06-10T14:26:42","modified_gmt":"2024-06-10T12:26:42","slug":"concierto-de-habaneras-ron-cremat-y-coca-al-aire-libre","status":"publish","type":"post","link":"https:\/\/www.lasoci.org\/es\/concierto-de-habaneras-ron-cremat-y-coca-al-aire-libre\/","title":{"rendered":"Concierto de habaneras, ron \u201ccremat\u201d y coca al aire libre"},"content":{"rendered":"\n<p>El jueves 30 de mayo, el Ciclo de M\u00fasica a la Fresca acogi\u00f3 la tradicional cantada de habaneras a cargo del grupo Els llobarros platejats de la Soci. El evento tuvo lugar en la sede social (Sardenya, 521-523), a partir de las 19.00 horas, ofreciendo una velada de m\u00fasica y tradici\u00f3n en buena compa\u00f1\u00eda.<\/p>\n\n<p>El ambiente festivo estuvo marcado por las voces armoniosas del grupo, que interpretaron cl\u00e1sicos de las habaneras con gran maestr\u00eda, haciendo participar al p\u00fablico, como ya es habitual en todas las cantadas. Tras el concierto, que dur\u00f3 aproximadamente una hora, los asistentes pudieron disfrutar del ron \u201ccremat\u201d y la coca, elementos indispensables en estos encuentros.<\/p>\n\n<p>El evento no s\u00f3lo fue una oportunidad para disfrutar de la m\u00fasica, sino tambi\u00e9n para colaborar con una buena causa. La taquilla inversa estuvo destinada a la entidad Yamlaminim, que desarrolla proyectos de ayuda en \u00c1frica, demostrando que la cultura y la solidaridad pueden ir de la mano.<\/p>\n\n<p>Los asistentes compartieron una noche muy agradable, rodeada de buena m\u00fasica y mejor compa\u00f1\u00eda. Esta cantada de habaneras es un evento que ya forma parte de la tradici\u00f3n de la Soci, \u00a1y que cada a\u00f1o ofrece una experiencia \u00fanica!<\/p>\n","protected":false},"excerpt":{"rendered":"<p>El jueves 30 de mayo, el Ciclo de M\u00fasica a la Fresca acogi\u00f3 la tradicional cantada de habaneras a cargo del grupo Els llobarros platejats de la Soci. El evento tuvo lugar en la sede social (Sardenya, 521-523), a partir de las 19.00 horas, ofreciendo una velada de m\u00fasica y tradici\u00f3n en buena compa\u00f1\u00eda. El&#8230;<\/p>\n","protected":false},"author":3,"featured_media":15856,"comment_status":"closed","ping_status":"closed","sticky":false,"template":"","format":"standard","meta":{"footnotes":""},"categories":[45],"tags":[],"class_list":["post-15858","post","type-post","status-publish","format-standard","has-post-thumbnail","hentry","category-voluntariado"],"_links":{"self":[{"href":"https:\/\/www.lasoci.org\/es\/wp-json\/wp\/v2\/posts\/15858","targetHints":{"allow":["GET"]}}],"collection":[{"href":"https:\/\/www.lasoci.org\/es\/wp-json\/wp\/v2\/posts"}],"about":[{"href":"https:\/\/www.lasoci.org\/es\/wp-json\/wp\/v2\/types\/post"}],"author":[{"embeddable":true,"href":"https:\/\/www.lasoci.org\/es\/wp-json\/wp\/v2\/users\/3"}],"replies":[{"embeddable":true,"href":"https:\/\/www.lasoci.org\/es\/wp-json\/wp\/v2\/comments?post=15858"}],"version-history":[{"count":1,"href":"https:\/\/www.lasoci.org\/es\/wp-json\/wp\/v2\/posts\/15858\/revisions"}],"predecessor-version":[{"id":15859,"href":"https:\/\/www.lasoci.org\/es\/wp-json\/wp\/v2\/posts\/15858\/revisions\/15859"}],"wp:featuredmedia":[{"embeddable":true,"href":"https:\/\/www.lasoci.org\/es\/wp-json\/wp\/v2\/media\/15856"}],"wp:attachment":[{"href":"https:\/\/www.lasoci.org\/es\/wp-json\/wp\/v2\/media?parent=15858"}],"wp:term":[{"taxonomy":"category","embeddable":true,"href":"https:\/\/www.lasoci.org\/es\/wp-json\/wp\/v2\/categories?post=15858"},{"taxonomy":"post_tag","embeddable":true,"href":"https:\/\/www.lasoci.org\/es\/wp-json\/wp\/v2\/tags?post=15858"}],"curies":[{"name":"wp","href":"https:\/\/api.w.org\/{rel}","templated":true}]}}