{"id":15660,"date":"2024-05-09T13:59:40","date_gmt":"2024-05-09T11:59:40","guid":{"rendered":"https:\/\/www.lasoci.org\/conoce-la-vida-i-obra-de-la-escultora-camille-claudel\/"},"modified":"2024-05-09T14:03:58","modified_gmt":"2024-05-09T12:03:58","slug":"conoce-la-vida-i-obra-de-la-escultora-camille-claudel","status":"publish","type":"post","link":"https:\/\/www.lasoci.org\/es\/conoce-la-vida-i-obra-de-la-escultora-camille-claudel\/","title":{"rendered":"Conoce la vida i obra de la escultora Camille Claudel"},"content":{"rendered":"\n<p>El 30 de abril, dentro del Ciclo de Artistas Olvidadas organizado por Hist\u00f2ria Barcelona, la profesora Carmina Vivas explic\u00f3 las principales obras escult\u00f3ricas de esta artista. La delegada de la secci\u00f3n, Roser P\u00e0ez, nos hace un resumen de la sesi\u00f3n.<\/p>\n\n\n\n<p><strong>Los inicios<\/strong><br>Camille Claudel ya desde ni\u00f1a jugaba con el barro y esculp\u00eda a las personas que la rodeaban. A pesar de no estar bien visto para una mujer en esa \u00e9poca trabajar fuera del contexto familiar, fue aceptada en la escuela de Bellas Artes de Par\u00eds. Ser\u00e1 all\u00ed donde conocer\u00e1 a Auguste Rodin, pasando a trabajar en el taller de \u00e9l poco despu\u00e9s. Camille ser\u00e1, adem\u00e1s de alumna, musa y compa\u00f1era durante algunos a\u00f1os, inspirando muchas de sus obras.<\/p>\n\n\n\n<p><strong>Sus obras m\u00e1s importantes<\/strong><br>Sin duda, tuvimos la oportunidad a trav\u00e9s de la conferencia de profundizar sobre las obras m\u00e1s relevantes de esta escultora. Una artista cuyas obras son singulares y creativas y en las que proyecta su tragedia personal, especialmente en su obra \u00abLa edad madura\u00bb (1899), \u00abEl gran vals\u00bb (1903) o \u00abEl abandono\u00bb (1905). Su idea principal era esculpir figuras que perdurasen en el tiempo y la historia y que plasmasen el sufrimiento y el abandono.<\/p>\n\n\n\n<p>Tras una relaci\u00f3n complicada con su maestro, en 1892 Camille toma la iniciativa de romper con Rodin. A pesar de la separaci\u00f3n, Auguste contin\u00faa la protecci\u00f3n art\u00edstica de Camille. Env\u00eda cartas de recomendaci\u00f3n a los cr\u00edticos de arte m\u00e1s destacados de la \u00e9poca. En julio de 1895 Rodin interviene ante el director del Ministerio de Bellas Artes para lograr que le sea encargada a Camille una obra para el Estado, como resultado surge \u00abL&#8217;Age m\u00fbr\u00bb. <\/p>\n\n\n\n<p>Mientras sus obras alcanzan cierto \u00e9xito, tambi\u00e9n aparecen con frecuencia art\u00edculos sobre ella en las revistas de arte aludiendo a crisis emocionales. Como consecuencia, Camille se encierra en su taller, se aleja del mundo y en diciembre de 1905 realiza su \u00faltima gran exposici\u00f3n.<\/p>\n\n\n\n<p><strong>El internamiento en el hospital psiqui\u00e1trico<br><\/strong>Sus crisis nerviosas se agudizaron y comenz\u00f3 a destruir sus obras, vivi\u00f3 recluida en su casa-taller en medio de la miseria. El \u00fanico que la apoyaba era su padre, quien se neg\u00f3 reiteradamente a internarla como le ped\u00edan sus familiares directos. El 3 de marzo de 1913 muere su padre y el 10 de marzo la internan en el hospital psiqui\u00e1trico de Ville-\u00c9vrard. En julio de ese mismo a\u00f1o su hermano Paul la hospitaliza en Montdevergues, manicomio del que, a pesar de su recuperaci\u00f3n, nunca sali\u00f3. Camille pas\u00f3 encerrada los \u00faltimos treinta a\u00f1os de su vida. Su familia prohibi\u00f3 que recibiera visitas. Nunca fueron a verla, salvo su hermano Paul quien la visit\u00f3 en siete ocasiones. Falleci\u00f3 en 1943 y fue enterrada en una tumba sin nombre, solo con los n\u00fameros 1943 -n392, en el peque\u00f1o cementerio de la instituci\u00f3n mental de Montdevergues. A la muerte de Paul Claudel en 1955, se levant\u00f3 el veto que exist\u00eda en la familia acerca de Camille y los descendientes quisieron darle una tumba digna. Escribieron a dicha instituci\u00f3n solicitando la ubicaci\u00f3n exacta de sus restos para la exhumaci\u00f3n y traslado. La respuesta que obtuvieron fue que la tumba hab\u00eda desaparecido, ya que la instituci\u00f3n hab\u00eda requerido ampliaciones y se hab\u00edan utilizado los terrenos del peque\u00f1o cementerio donde se enterraba a los pacientes olvidados por sus familias. \u00a1Una historia triste para una artista inmensa!<\/p>\n\n\n\n<p>Para los que dese\u00e9is ampliar m\u00e1s informaci\u00f3n, a continuaci\u00f3n, os indico algunos t\u00edtulos de pel\u00edculas basadas en su historia, as\u00ed como una peque\u00f1a bibliograf\u00eda. <\/p>\n\n\n\n<p>Pel\u00edculas:<br>\u2022\u00a0\u201cLa pasi\u00f3n de Camille Claudel\u201d. Dirigida por\u00a0Bruno Nuytten en 1988, protagonizada por\u00a0Isabelle Adjani\u00a0y\u00a0G\u00e9rard Depardieu,\u00a0en los papeles de Camille Claudel y Auguste Rodin.<br>\u2022\u00a0\u201cCamille Claudel 1915\u201d. Dirigida por\u00a0Bruno Dumont en 2013, interpretada por\u00a0Juliette Binoche\u00a0y Jean-Luc Vincent. En esta versi\u00f3n se narran algunos d\u00edas del encierro en el hospital psiqui\u00e1trico de Montdevergues mientras ella espera la visita de su hermano.<\/p>\n\n\n\n<p>Bibliograf\u00eda:<br>\u2022\u00a0Mich\u00e8le Desbordes, \u201cEl vestido azul\u201d, C\u00e1ceres, Perif\u00e9rica, 2018<br>\u2022\u00a0Aryal Clause, Odile, \u201cCamille Claudel: A Life\u201d Ed Abrams, Nueva York 2002<br>\u2022\u00a0Delb\u00e9e, Anne, \u201cCamille Claudel\u201d Ed. Circe, Barcelona 1989<br>\u2022\u00a0Rivi\u00e9re, Anne, Camille Claudel: \u201cLa internada\u201d. Ed. Nuev Arte, Barcelona 1989.<\/p>\n\n\n\n<p>En la actualidad existe el Museo Camille Claudel que abri\u00f3 sus puertas el a\u00f1o 2017 en Nogent-sur-Seine, cerca de Par\u00eds, por si ten\u00e9is oportunidad de visitarlo.<\/p>\n","protected":false},"excerpt":{"rendered":"<p>El 30 de abril, dentro del Ciclo de Artistas Olvidadas organizado por Hist\u00f2ria Barcelona, la profesora Carmina Vivas explic\u00f3 las principales obras escult\u00f3ricas de esta artista. La delegada de la secci\u00f3n, Roser P\u00e0ez, nos hace un resumen de la sesi\u00f3n. Los iniciosCamille Claudel ya desde ni\u00f1a jugaba con el barro y esculp\u00eda a las personas&#8230;<\/p>\n","protected":false},"author":3,"featured_media":15658,"comment_status":"closed","ping_status":"closed","sticky":false,"template":"","format":"standard","meta":{"footnotes":""},"categories":[44],"tags":[],"class_list":["post-15660","post","type-post","status-publish","format-standard","has-post-thumbnail","hentry","category-cultura-es"],"_links":{"self":[{"href":"https:\/\/www.lasoci.org\/es\/wp-json\/wp\/v2\/posts\/15660","targetHints":{"allow":["GET"]}}],"collection":[{"href":"https:\/\/www.lasoci.org\/es\/wp-json\/wp\/v2\/posts"}],"about":[{"href":"https:\/\/www.lasoci.org\/es\/wp-json\/wp\/v2\/types\/post"}],"author":[{"embeddable":true,"href":"https:\/\/www.lasoci.org\/es\/wp-json\/wp\/v2\/users\/3"}],"replies":[{"embeddable":true,"href":"https:\/\/www.lasoci.org\/es\/wp-json\/wp\/v2\/comments?post=15660"}],"version-history":[{"count":3,"href":"https:\/\/www.lasoci.org\/es\/wp-json\/wp\/v2\/posts\/15660\/revisions"}],"predecessor-version":[{"id":15667,"href":"https:\/\/www.lasoci.org\/es\/wp-json\/wp\/v2\/posts\/15660\/revisions\/15667"}],"wp:featuredmedia":[{"embeddable":true,"href":"https:\/\/www.lasoci.org\/es\/wp-json\/wp\/v2\/media\/15658"}],"wp:attachment":[{"href":"https:\/\/www.lasoci.org\/es\/wp-json\/wp\/v2\/media?parent=15660"}],"wp:term":[{"taxonomy":"category","embeddable":true,"href":"https:\/\/www.lasoci.org\/es\/wp-json\/wp\/v2\/categories?post=15660"},{"taxonomy":"post_tag","embeddable":true,"href":"https:\/\/www.lasoci.org\/es\/wp-json\/wp\/v2\/tags?post=15660"}],"curies":[{"name":"wp","href":"https:\/\/api.w.org\/{rel}","templated":true}]}}