{"id":15650,"date":"2024-05-07T13:17:35","date_gmt":"2024-05-07T11:17:35","guid":{"rendered":"https:\/\/www.lasoci.org\/torneo-de-primavera-2024-de-padel-alicante\/"},"modified":"2024-05-07T13:17:35","modified_gmt":"2024-05-07T11:17:35","slug":"torneo-de-primavera-2024-de-padel-alicante","status":"publish","type":"post","link":"https:\/\/www.lasoci.org\/es\/torneo-de-primavera-2024-de-padel-alicante\/","title":{"rendered":"Torneo de Primavera 2024 de P\u00e1del Alicante"},"content":{"rendered":"\n<p>El s\u00e1bado 27 de abril, el Sport Club de Alicante se convirti\u00f3 en el epicentro del Torneo de Primavera 2024 de P\u00e1del Alicante. Los aficionados y aficionadas al deporte de la pala se congregaron para disfrutar de una jornada repleta de partidos y camarader\u00eda.<\/p>\n\n<p>Desde las primeras horas de la ma\u00f1ana del s\u00e1bado, las pistas del Sport Club fueron testigo de los enfrentamientos entre los participantes. Jugadores de todas las edades y niveles se dieron cita para pasar un buen rato en buena compa\u00f1\u00eda.<\/p>\n\n<p>Tras los partidos, los asistentes tuvieron la oportunidad de quedarse a disfrutar de una agradable comida, donde pudieron intercambiar impresiones y experiencias, y fortalecer as\u00ed los lazos de amistad que les unen.<\/p>\n\n<p>\u00bfTe apuntas al siguiente torneo?<\/p>\n","protected":false},"excerpt":{"rendered":"<p>El s\u00e1bado 27 de abril, el Sport Club de Alicante se convirti\u00f3 en el epicentro del Torneo de Primavera 2024 de P\u00e1del Alicante. Los aficionados y aficionadas al deporte de la pala se congregaron para disfrutar de una jornada repleta de partidos y camarader\u00eda. Desde las primeras horas de la ma\u00f1ana del s\u00e1bado, las pistas&#8230;<\/p>\n","protected":false},"author":3,"featured_media":15648,"comment_status":"closed","ping_status":"closed","sticky":false,"template":"","format":"standard","meta":{"footnotes":""},"categories":[48],"tags":[],"class_list":["post-15650","post","type-post","status-publish","format-standard","has-post-thumbnail","hentry","category-deporte"],"_links":{"self":[{"href":"https:\/\/www.lasoci.org\/es\/wp-json\/wp\/v2\/posts\/15650","targetHints":{"allow":["GET"]}}],"collection":[{"href":"https:\/\/www.lasoci.org\/es\/wp-json\/wp\/v2\/posts"}],"about":[{"href":"https:\/\/www.lasoci.org\/es\/wp-json\/wp\/v2\/types\/post"}],"author":[{"embeddable":true,"href":"https:\/\/www.lasoci.org\/es\/wp-json\/wp\/v2\/users\/3"}],"replies":[{"embeddable":true,"href":"https:\/\/www.lasoci.org\/es\/wp-json\/wp\/v2\/comments?post=15650"}],"version-history":[{"count":1,"href":"https:\/\/www.lasoci.org\/es\/wp-json\/wp\/v2\/posts\/15650\/revisions"}],"predecessor-version":[{"id":15651,"href":"https:\/\/www.lasoci.org\/es\/wp-json\/wp\/v2\/posts\/15650\/revisions\/15651"}],"wp:featuredmedia":[{"embeddable":true,"href":"https:\/\/www.lasoci.org\/es\/wp-json\/wp\/v2\/media\/15648"}],"wp:attachment":[{"href":"https:\/\/www.lasoci.org\/es\/wp-json\/wp\/v2\/media?parent=15650"}],"wp:term":[{"taxonomy":"category","embeddable":true,"href":"https:\/\/www.lasoci.org\/es\/wp-json\/wp\/v2\/categories?post=15650"},{"taxonomy":"post_tag","embeddable":true,"href":"https:\/\/www.lasoci.org\/es\/wp-json\/wp\/v2\/tags?post=15650"}],"curies":[{"name":"wp","href":"https:\/\/api.w.org\/{rel}","templated":true}]}}