{"id":15642,"date":"2024-05-06T13:42:41","date_gmt":"2024-05-06T11:42:41","guid":{"rendered":"https:\/\/www.lasoci.org\/historia-mallorca-en-can-vivot-y-en-la-casa-madre-pureza-de-maria\/"},"modified":"2024-05-06T13:43:42","modified_gmt":"2024-05-06T11:43:42","slug":"historia-mallorca-en-can-vivot-y-en-la-casa-madre-pureza-de-maria","status":"publish","type":"post","link":"https:\/\/www.lasoci.org\/es\/historia-mallorca-en-can-vivot-y-en-la-casa-madre-pureza-de-maria\/","title":{"rendered":"Hist\u00f2ria Mallorca en Can Vivot y en la Casa Madre Pureza de Mar\u00eda"},"content":{"rendered":"\n<p>Los d\u00edas 18 y 19 de abril, la secci\u00f3n de Hist\u00f2ria Mallorca visit\u00f3 el Palau Vivot y la residencia museo Pureza de Mar\u00eda de Palma.<\/p>\n\n\n\n<p>El delegado de la secci\u00f3n, Dami\u00e0 Tom\u00e0s, nos hace un resumen de la salida.<\/p>\n\n\n\n<p><strong>PALACIO VIVOT<\/strong><br>\u00abLa casa\u00bb es como llaman al palacio los actuales propietarios, los condes de Zavell\u00e0. Se trata de un edificio emblem\u00e1tico de Palma, necesitado de un buen lavado de cara. La \u00faltima reforma fue entre 1683 y 1711. Es considerado Monumento Art\u00edstico Nacional desde 1973 y Bien de Inter\u00e9s Cultural desde 1985. La realidad actual es que las instituciones oficiales, tanto nacionales como auton\u00f3micas, pasan de largo con las necesarias subvenciones. Para terminar de rematarlo, no se puede liquidar el testamento entre el heredero y legitimarios por falta de efectivo ni tampoco se puede vender ning\u00fan objeto por estar catalogado. Estos d\u00edas, varios art\u00edculos en todos los peri\u00f3dicos auton\u00f3micos han publicado art\u00edculos del problema. Cada vez parece m\u00e1s claro que \u00abla casa\u00bb acabar\u00e1 en manos de inversores extranjeros. Una pena.<\/p>\n\n\n\n<p><strong>CASA MUSEO PUREZA DE MAR\u00cdA<\/strong><br>Fue un entra\u00f1able reencuentro con la infancia, acompa\u00f1ados por la superiora de la comunidad que hizo las delicias de los asistentes. Adem\u00e1s de las cl\u00e1sicas dependencias conventuales, capilla y tumba de la fundadora, la Madre Alberta Gim\u00e9nez, las monjas han organizado un recorrido por aulas, comedores, gimnasio&#8230; que nos transportan a principios del siglo XX. Gracias.<\/p>\n","protected":false},"excerpt":{"rendered":"<p>Los d\u00edas 18 y 19 de abril, la secci\u00f3n de Hist\u00f2ria Mallorca visit\u00f3 el Palau Vivot y la residencia museo Pureza de Mar\u00eda de Palma. El delegado de la secci\u00f3n, Dami\u00e0 Tom\u00e0s, nos hace un resumen de la salida. PALACIO VIVOT\u00abLa casa\u00bb es como llaman al palacio los actuales propietarios, los condes de Zavell\u00e0. Se&#8230;<\/p>\n","protected":false},"author":3,"featured_media":15640,"comment_status":"closed","ping_status":"closed","sticky":false,"template":"","format":"standard","meta":{"footnotes":""},"categories":[44],"tags":[],"class_list":["post-15642","post","type-post","status-publish","format-standard","has-post-thumbnail","hentry","category-cultura-es"],"_links":{"self":[{"href":"https:\/\/www.lasoci.org\/es\/wp-json\/wp\/v2\/posts\/15642","targetHints":{"allow":["GET"]}}],"collection":[{"href":"https:\/\/www.lasoci.org\/es\/wp-json\/wp\/v2\/posts"}],"about":[{"href":"https:\/\/www.lasoci.org\/es\/wp-json\/wp\/v2\/types\/post"}],"author":[{"embeddable":true,"href":"https:\/\/www.lasoci.org\/es\/wp-json\/wp\/v2\/users\/3"}],"replies":[{"embeddable":true,"href":"https:\/\/www.lasoci.org\/es\/wp-json\/wp\/v2\/comments?post=15642"}],"version-history":[{"count":2,"href":"https:\/\/www.lasoci.org\/es\/wp-json\/wp\/v2\/posts\/15642\/revisions"}],"predecessor-version":[{"id":15644,"href":"https:\/\/www.lasoci.org\/es\/wp-json\/wp\/v2\/posts\/15642\/revisions\/15644"}],"wp:featuredmedia":[{"embeddable":true,"href":"https:\/\/www.lasoci.org\/es\/wp-json\/wp\/v2\/media\/15640"}],"wp:attachment":[{"href":"https:\/\/www.lasoci.org\/es\/wp-json\/wp\/v2\/media?parent=15642"}],"wp:term":[{"taxonomy":"category","embeddable":true,"href":"https:\/\/www.lasoci.org\/es\/wp-json\/wp\/v2\/categories?post=15642"},{"taxonomy":"post_tag","embeddable":true,"href":"https:\/\/www.lasoci.org\/es\/wp-json\/wp\/v2\/tags?post=15642"}],"curies":[{"name":"wp","href":"https:\/\/api.w.org\/{rel}","templated":true}]}}