{"id":15600,"date":"2024-04-29T14:12:34","date_gmt":"2024-04-29T12:12:34","guid":{"rendered":"https:\/\/www.lasoci.org\/exito-en-la-ix-copa-associacio-de-padel-en-avila\/"},"modified":"2024-04-29T14:13:30","modified_gmt":"2024-04-29T12:13:30","slug":"exito-en-la-ix-copa-associacio-de-padel-en-avila","status":"publish","type":"post","link":"https:\/\/www.lasoci.org\/es\/exito-en-la-ix-copa-associacio-de-padel-en-avila\/","title":{"rendered":"\u00c9xito en la IX Copa Associaci\u00f3 de P\u00e1del en \u00c1vila"},"content":{"rendered":"\n<p>El s\u00e1bado 27 de abril tuvo lugar en \u00c1vila la<strong> IX Copa Associaci\u00f3 de P\u00e1del<\/strong>, que tuvo como anfitri\u00f3n y organizador a Valent\u00edn Garc\u00eda Rodr\u00edguez, delegado de P\u00e1del \u00c1vila.<\/p>\n\n\n\n<p>Con la participaci\u00f3n de <strong>62 jugadores<\/strong>, de las secciones de Asturias, \u00c1vila, Barcelona, Empord\u00e0, Madrid, Mallorca, Pa\u00eds Vasco, Salamanca, Valencia y Zaragoza, la competici\u00f3n result\u00f3 ser una muestra vibrante del talento y la pasi\u00f3n que existe en la Soci por este deporte.<\/p>\n\n\n\n<p><strong>Despu\u00e9s de intensos y disputados partidos, los campeones de esta jornada fueron:<\/strong><br>&#8211; 1\u00aa categor\u00eda masculina: Ibon Mintegui y Nacho Agudo, de P\u00e1del Pa\u00eds Vasco<br>&#8211; 2\u00aa categor\u00eda masculina: David Garc\u00eda y Jos\u00e9 Manuel Alejos, de P\u00e1del Zaragoza<br>&#8211; Categor\u00eda mixta: Rebeca Mart\u00edn y Jordi Rus, de P\u00e1del Mallorca<\/p>\n\n\n\n<p>Cabe destacar que el <strong>ambiente<\/strong> durante todo el torneo fue <strong>excepcional<\/strong>, y tanto jugadores como espectadores disfrutaron tanto durante la competici\u00f3n, como durante las comidas y momentos de convivencia, que sin duda favorecieron la creaci\u00f3n de lazos entre los compa\u00f1eros y compa\u00f1eras de la Soci de diferentes territorios, pero con una afici\u00f3n en com\u00fan: el p\u00e1del.<\/p>\n\n\n\n<p>Con el final de la Copa Associaci\u00f3 de P\u00e1del en \u00c1vila, las expectativas ya est\u00e1n puestas en la pr\u00f3xima edici\u00f3n, que tendr\u00e1 lugar el pr\u00f3ximo a\u00f1o en <strong>Valencia<\/strong>. Una cita ineludible para los amantes del p\u00e1del, que ya esperan con expectaci\u00f3n el pr\u00f3ximo encuentro.<\/p>\n","protected":false},"excerpt":{"rendered":"<p>El s\u00e1bado 27 de abril tuvo lugar en \u00c1vila la IX Copa Associaci\u00f3 de P\u00e1del, que tuvo como anfitri\u00f3n y organizador a Valent\u00edn Garc\u00eda Rodr\u00edguez, delegado de P\u00e1del \u00c1vila. Con la participaci\u00f3n de 62 jugadores, de las secciones de Asturias, \u00c1vila, Barcelona, Empord\u00e0, Madrid, Mallorca, Pa\u00eds Vasco, Salamanca, Valencia y Zaragoza, la competici\u00f3n result\u00f3 ser&#8230;<\/p>\n","protected":false},"author":3,"featured_media":15598,"comment_status":"closed","ping_status":"closed","sticky":false,"template":"","format":"standard","meta":{"footnotes":""},"categories":[49,48],"tags":[],"class_list":["post-15600","post","type-post","status-publish","format-standard","has-post-thumbnail","hentry","category-asociacion","category-deporte"],"_links":{"self":[{"href":"https:\/\/www.lasoci.org\/es\/wp-json\/wp\/v2\/posts\/15600","targetHints":{"allow":["GET"]}}],"collection":[{"href":"https:\/\/www.lasoci.org\/es\/wp-json\/wp\/v2\/posts"}],"about":[{"href":"https:\/\/www.lasoci.org\/es\/wp-json\/wp\/v2\/types\/post"}],"author":[{"embeddable":true,"href":"https:\/\/www.lasoci.org\/es\/wp-json\/wp\/v2\/users\/3"}],"replies":[{"embeddable":true,"href":"https:\/\/www.lasoci.org\/es\/wp-json\/wp\/v2\/comments?post=15600"}],"version-history":[{"count":2,"href":"https:\/\/www.lasoci.org\/es\/wp-json\/wp\/v2\/posts\/15600\/revisions"}],"predecessor-version":[{"id":15602,"href":"https:\/\/www.lasoci.org\/es\/wp-json\/wp\/v2\/posts\/15600\/revisions\/15602"}],"wp:featuredmedia":[{"embeddable":true,"href":"https:\/\/www.lasoci.org\/es\/wp-json\/wp\/v2\/media\/15598"}],"wp:attachment":[{"href":"https:\/\/www.lasoci.org\/es\/wp-json\/wp\/v2\/media?parent=15600"}],"wp:term":[{"taxonomy":"category","embeddable":true,"href":"https:\/\/www.lasoci.org\/es\/wp-json\/wp\/v2\/categories?post=15600"},{"taxonomy":"post_tag","embeddable":true,"href":"https:\/\/www.lasoci.org\/es\/wp-json\/wp\/v2\/tags?post=15600"}],"curies":[{"name":"wp","href":"https:\/\/api.w.org\/{rel}","templated":true}]}}