{"id":15496,"date":"2024-04-16T13:33:10","date_gmt":"2024-04-16T11:33:10","guid":{"rendered":"https:\/\/www.lasoci.org\/esqui-asturias-organiza-una-actividad-de-esqui-adaptado-con-aspaym\/"},"modified":"2024-04-16T13:33:10","modified_gmt":"2024-04-16T11:33:10","slug":"esqui-asturias-organiza-una-actividad-de-esqui-adaptado-con-aspaym","status":"publish","type":"post","link":"https:\/\/www.lasoci.org\/es\/esqui-asturias-organiza-una-actividad-de-esqui-adaptado-con-aspaym\/","title":{"rendered":"Esqu\u00ed Asturias organiza una actividad de esqu\u00ed adaptado con ASPAYM"},"content":{"rendered":"\n<p>El domingo 17 de marzo, Esqu\u00ed Asturias, con Daniel \u00c1lvarez al frente, organiz\u00f3 una actividad que marc\u00f3 un hito significativo para la Asociaci\u00f3n de Personas con Lesi\u00f3n Medular y Otras Discapacidades F\u00edsicas, ASPAYM Principado de Asturias, en su lucha por la inclusi\u00f3n y la igualdad de oportunidades. Despu\u00e9s de tres a\u00f1os de intentos fallidos debido a las condiciones clim\u00e1ticas, finalmente se llev\u00f3 a cabo en la estaci\u00f3n de Fuentes de Invierno.<\/p>\n\n<p>El evento cont\u00f3 con la participaci\u00f3n entusiasta de 16 personas, incluidos 6 participantes, 2 acompa\u00f1antes de ASPAYM y 8 voluntarios comprometidos. La jornada estuvo dedicada a brindar una experiencia de esqu\u00ed adaptado a seis personas con discapacidades, cuatro de ellas en silla de ruedas y dos con lesiones neuronales.<\/p>\n\n<p>La colaboraci\u00f3n entre ASPAYM, la estaci\u00f3n de esqu\u00ed y los voluntarios fue fundamental para el \u00e9xito del evento. Los monitores especializados de la estaci\u00f3n y los voluntarios se unieron para garantizar que los participantes pudieran disfrutar plenamente de la actividad. Desde asistir en el acceso a los telesillas o embarcar y desembarcar de las sillas adaptadas, hasta proporcionar apoyo durante los descensos, el equipo trabaj\u00f3 incansablemente para crear un entorno seguro y acogedor para todos.<\/p>\n\n<p>Los descensos se llevaron a cabo en dos tandas, con tres esquiadores adaptados en cada una, acompa\u00f1ados por monitores y voluntarios. Adem\u00e1s, se implementaron medidas para garantizar la seguridad de todos los usuarios de la estaci\u00f3n, como se\u00f1alizar el paso del grupo adaptado en las pistas.<\/p>\n\n<p>La jornada comenz\u00f3 temprano, a las 9.30 h de la ma\u00f1ana, y concluy\u00f3 a las 15.00 h, seguida de un merecido almuerzo en un restaurante cercano donde participantes y voluntarios compartieron experiencias y celebraron el \u00e9xito del evento. Alrededor de las 17.00 h, todos regresaron a sus hogares, llenos de gratitud y satisfacci\u00f3n por haber sido parte de una jornada tan memorable.<\/p>\n\n<p>Este evento no solo demostr\u00f3 la capacidad de superaci\u00f3n de las personas con discapacidad, sino que tambi\u00e9n destac\u00f3 la importancia del trabajo en equipo y la solidaridad en la construcci\u00f3n de una sociedad m\u00e1s inclusiva y accesible para todos. <\/p>\n","protected":false},"excerpt":{"rendered":"<p>El domingo 17 de marzo, Esqu\u00ed Asturias, con Daniel \u00c1lvarez al frente, organiz\u00f3 una actividad que marc\u00f3 un hito significativo para la Asociaci\u00f3n de Personas con Lesi\u00f3n Medular y Otras Discapacidades F\u00edsicas, ASPAYM Principado de Asturias, en su lucha por la inclusi\u00f3n y la igualdad de oportunidades. Despu\u00e9s de tres a\u00f1os de intentos fallidos debido&#8230;<\/p>\n","protected":false},"author":3,"featured_media":15480,"comment_status":"closed","ping_status":"closed","sticky":false,"template":"","format":"standard","meta":{"footnotes":""},"categories":[45],"tags":[],"class_list":["post-15496","post","type-post","status-publish","format-standard","has-post-thumbnail","hentry","category-voluntariado"],"_links":{"self":[{"href":"https:\/\/www.lasoci.org\/es\/wp-json\/wp\/v2\/posts\/15496","targetHints":{"allow":["GET"]}}],"collection":[{"href":"https:\/\/www.lasoci.org\/es\/wp-json\/wp\/v2\/posts"}],"about":[{"href":"https:\/\/www.lasoci.org\/es\/wp-json\/wp\/v2\/types\/post"}],"author":[{"embeddable":true,"href":"https:\/\/www.lasoci.org\/es\/wp-json\/wp\/v2\/users\/3"}],"replies":[{"embeddable":true,"href":"https:\/\/www.lasoci.org\/es\/wp-json\/wp\/v2\/comments?post=15496"}],"version-history":[{"count":1,"href":"https:\/\/www.lasoci.org\/es\/wp-json\/wp\/v2\/posts\/15496\/revisions"}],"predecessor-version":[{"id":15497,"href":"https:\/\/www.lasoci.org\/es\/wp-json\/wp\/v2\/posts\/15496\/revisions\/15497"}],"wp:featuredmedia":[{"embeddable":true,"href":"https:\/\/www.lasoci.org\/es\/wp-json\/wp\/v2\/media\/15480"}],"wp:attachment":[{"href":"https:\/\/www.lasoci.org\/es\/wp-json\/wp\/v2\/media?parent=15496"}],"wp:term":[{"taxonomy":"category","embeddable":true,"href":"https:\/\/www.lasoci.org\/es\/wp-json\/wp\/v2\/categories?post=15496"},{"taxonomy":"post_tag","embeddable":true,"href":"https:\/\/www.lasoci.org\/es\/wp-json\/wp\/v2\/tags?post=15496"}],"curies":[{"name":"wp","href":"https:\/\/api.w.org\/{rel}","templated":true}]}}