{"id":14891,"date":"2023-12-28T13:54:35","date_gmt":"2023-12-28T12:54:35","guid":{"rendered":"https:\/\/www.lasoci.org\/montana-navarra-acaba-el-ano-de-la-mejor-manera-con-una-ascension\/"},"modified":"2023-12-28T13:54:36","modified_gmt":"2023-12-28T12:54:36","slug":"montana-navarra-acaba-el-ano-de-la-mejor-manera-con-una-ascension","status":"publish","type":"post","link":"https:\/\/www.lasoci.org\/es\/montana-navarra-acaba-el-ano-de-la-mejor-manera-con-una-ascension\/","title":{"rendered":"Monta\u00f1a Navarra acaba el a\u00f1o de la mejor manera: con una ascensi\u00f3n"},"content":{"rendered":"\n<p>Para finalizar el a\u00f1o, y justo pasada la Navidad, la secci\u00f3n de Monta\u00f1a Navarra organiz\u00f3 una salida para ascender al monte Eride (1.244 m). La actividad tuvo lugar el martes 26 de diciembre.<\/p>\n\n<p>\u201cUna ma\u00f1ana bastante fr\u00eda (-3\u00ba C), de las que aqu\u00ed acostumbran en estas fechas, nos recib\u00eda a la entrada del Valle de la Ultzama. Desde el precioso pueblecito de Lantz (famoso por sus ancestrales celebraciones de carnaval), part\u00edamos por una pista entre barro y hielo haciendo frente a la primera rampa que nos iba a poner a prueba en lo que luego ser\u00eda pr\u00e1cticamente una subida permanente, con tres peque\u00f1os descansos, antes de llegar a la cima (1.244 m)\u201d explica Eduardo Casado, delegado de la secci\u00f3n.<\/p>\n\n<p>Por el camino, un excepcional hayedo acog\u00eda, con su desnudez invernal, el andar del grupo de monta\u00f1eros. Para su sorpresa, a\u00fan pudieron encontrar numerosas setas, pese a lo avanzada temporada. Adem\u00e1s, y para mayor deleite, pudieron contemplar en su huida a un corzo y un ciervo.<\/p>\n\n<p>En la cima, les esperaban preciosas vistas del Pirineo navarro nevado. Tras tomar unas cuantas fotos de rigor, regresaron por la Ruta GR-322, que les devolver\u00eda al punto de partida.<\/p>\n\n<p>Para terminar la temporada, acudieron a las Bentas de Ultzama para comer y celebrar un a\u00f1o con varias salidas que han servido para reactivar y consolidar la secci\u00f3n de Monta\u00f1a Navarra. \u00a1Bravo!<\/p>\n","protected":false},"excerpt":{"rendered":"<p>Para finalizar el a\u00f1o, y justo pasada la Navidad, la secci\u00f3n de Monta\u00f1a Navarra organiz\u00f3 una salida para ascender al monte Eride (1.244 m). La actividad tuvo lugar el martes 26 de diciembre. \u201cUna ma\u00f1ana bastante fr\u00eda (-3\u00ba C), de las que aqu\u00ed acostumbran en estas fechas, nos recib\u00eda a la entrada del Valle de&#8230;<\/p>\n","protected":false},"author":3,"featured_media":14881,"comment_status":"closed","ping_status":"closed","sticky":false,"template":"","format":"standard","meta":{"footnotes":""},"categories":[48],"tags":[],"class_list":["post-14891","post","type-post","status-publish","format-standard","has-post-thumbnail","hentry","category-deporte"],"_links":{"self":[{"href":"https:\/\/www.lasoci.org\/es\/wp-json\/wp\/v2\/posts\/14891","targetHints":{"allow":["GET"]}}],"collection":[{"href":"https:\/\/www.lasoci.org\/es\/wp-json\/wp\/v2\/posts"}],"about":[{"href":"https:\/\/www.lasoci.org\/es\/wp-json\/wp\/v2\/types\/post"}],"author":[{"embeddable":true,"href":"https:\/\/www.lasoci.org\/es\/wp-json\/wp\/v2\/users\/3"}],"replies":[{"embeddable":true,"href":"https:\/\/www.lasoci.org\/es\/wp-json\/wp\/v2\/comments?post=14891"}],"version-history":[{"count":1,"href":"https:\/\/www.lasoci.org\/es\/wp-json\/wp\/v2\/posts\/14891\/revisions"}],"predecessor-version":[{"id":14892,"href":"https:\/\/www.lasoci.org\/es\/wp-json\/wp\/v2\/posts\/14891\/revisions\/14892"}],"wp:featuredmedia":[{"embeddable":true,"href":"https:\/\/www.lasoci.org\/es\/wp-json\/wp\/v2\/media\/14881"}],"wp:attachment":[{"href":"https:\/\/www.lasoci.org\/es\/wp-json\/wp\/v2\/media?parent=14891"}],"wp:term":[{"taxonomy":"category","embeddable":true,"href":"https:\/\/www.lasoci.org\/es\/wp-json\/wp\/v2\/categories?post=14891"},{"taxonomy":"post_tag","embeddable":true,"href":"https:\/\/www.lasoci.org\/es\/wp-json\/wp\/v2\/tags?post=14891"}],"curies":[{"name":"wp","href":"https:\/\/api.w.org\/{rel}","templated":true}]}}