{"id":14858,"date":"2023-12-27T12:00:12","date_gmt":"2023-12-27T11:00:12","guid":{"rendered":"https:\/\/www.lasoci.org\/gastronomia-bilbao-contra-la-soledad-de-las-personas-mayores\/"},"modified":"2023-12-27T12:01:05","modified_gmt":"2023-12-27T11:01:05","slug":"gastronomia-bilbao-contra-la-soledad-de-las-personas-mayores","status":"publish","type":"post","link":"https:\/\/www.lasoci.org\/es\/gastronomia-bilbao-contra-la-soledad-de-las-personas-mayores\/","title":{"rendered":"Gastronom\u00eda Bilbao contra la soledad de las personas mayores"},"content":{"rendered":"\n<p>\u00a1Los gastr\u00f3nomos bilba\u00ednos vuelven a ponerse el delantal de la Soci por una causa solidaria! Tal y como cuenta Jose Hurtado de Mendoza, delegado de Gastronom\u00eda Bilbao, \u201cten\u00edamos ganas de hacer alguna actividad solidaria en nuestro txoko, ya que las anteriores actividades que hab\u00edamos hecho no era posible realizarlas all\u00ed, as\u00ed que contactamos con la Asociaci\u00f3n ARGIBE (www.argibe.org), que trata de paliar el gran problema de la soledad en personas mayores en Bizkaia y Araba, y sobre todo en estas fechas navide\u00f1as\u201d.<\/p>\n\n\n\n<p>Tambi\u00e9n quisieron hacer extensible la invitaci\u00f3n a los voluntarios de dicha asociaci\u00f3n, porque sin voluntarios no hay asociaci\u00f3n, y quer\u00edan agradecer su entrega desinteresada.<\/p>\n\n\n\n<p>\u00a1Y dicho y hecho! El lunes 18 de diciembre, se pusieron manos a la obra para confeccionar un men\u00fa de Navidad. Como preve\u00edan que iban a ser muchos, decidieron contar con la ayuda de Fermin Gerriko, de Aleka Events, para \u201cordenar\u201d un poco en el evento. Les propuso un men\u00fa que no pudieron rechazar y que tuvo una aceptaci\u00f3n magn\u00edfica: <\/p>\n\n\n\n<p>&#8211; Montadito de chistorra, como gui\u00f1o a Santo Tom\u00e1s, fiesta navide\u00f1a de Bilbao<br>&#8211; Bloc de foie de pato<br>&#8211; Ensalada de tomate y burrata con aceite de albahaca<br>&#8211; Gamb\u00f3n cocido al momento con mayonesa de lima<br>&#8211; Carrillera al vino con pur\u00e9 de patata<br>&#8211; Panetone de chocolate con helado de vainilla<br>&#8211; Mantecados y polvorones variados<br>&#8211; Vino y caf\u00e9 <\/p>\n\n\n\n<p>Una vez llegaron los beneficiarios, hubo unas palabras por parte del gerente y de la presidenta de ARGIBE, y luego Jos\u00e9 Manuel Hern\u00e1ndez, de la Soci, tom\u00f3 la palabra y explic\u00f3 nuestra acci\u00f3n solidaria y nuestro compromiso con las personas y las actividades sociales. <\/p>\n\n\n\n<p>\u201cDurante la comida, nos dio mucho tiempo de hablar con las personas asistentes y nos contaron muchas an\u00e9cdotas de su infancia y de c\u00f3mo celebraban la Navidad, comparando nuestro men\u00fa con lo que ellos sol\u00edan comer, entre muchas otras an\u00e9cdotas. En los postres, empezamos a cantar villancicos, \u00a1y la reuni\u00f3n transcurri\u00f3 de una forma muy entretenida y divertida!\u201d, concluye Jose.<\/p>\n\n\n\n<p>Compartieron comida, compartieron conversaci\u00f3n y compartieron diversi\u00f3n. \u00a1Gran d\u00eda!<\/p>\n","protected":false},"excerpt":{"rendered":"<p>\u00a1Los gastr\u00f3nomos bilba\u00ednos vuelven a ponerse el delantal de la Soci por una causa solidaria! Tal y como cuenta Jose Hurtado de Mendoza, delegado de Gastronom\u00eda Bilbao, \u201cten\u00edamos ganas de hacer alguna actividad solidaria en nuestro txoko, ya que las anteriores actividades que hab\u00edamos hecho no era posible realizarlas all\u00ed, as\u00ed que contactamos con la&#8230;<\/p>\n","protected":false},"author":3,"featured_media":14856,"comment_status":"closed","ping_status":"closed","sticky":false,"template":"","format":"standard","meta":{"footnotes":""},"categories":[45],"tags":[],"class_list":["post-14858","post","type-post","status-publish","format-standard","has-post-thumbnail","hentry","category-voluntariado"],"_links":{"self":[{"href":"https:\/\/www.lasoci.org\/es\/wp-json\/wp\/v2\/posts\/14858","targetHints":{"allow":["GET"]}}],"collection":[{"href":"https:\/\/www.lasoci.org\/es\/wp-json\/wp\/v2\/posts"}],"about":[{"href":"https:\/\/www.lasoci.org\/es\/wp-json\/wp\/v2\/types\/post"}],"author":[{"embeddable":true,"href":"https:\/\/www.lasoci.org\/es\/wp-json\/wp\/v2\/users\/3"}],"replies":[{"embeddable":true,"href":"https:\/\/www.lasoci.org\/es\/wp-json\/wp\/v2\/comments?post=14858"}],"version-history":[{"count":2,"href":"https:\/\/www.lasoci.org\/es\/wp-json\/wp\/v2\/posts\/14858\/revisions"}],"predecessor-version":[{"id":14861,"href":"https:\/\/www.lasoci.org\/es\/wp-json\/wp\/v2\/posts\/14858\/revisions\/14861"}],"wp:featuredmedia":[{"embeddable":true,"href":"https:\/\/www.lasoci.org\/es\/wp-json\/wp\/v2\/media\/14856"}],"wp:attachment":[{"href":"https:\/\/www.lasoci.org\/es\/wp-json\/wp\/v2\/media?parent=14858"}],"wp:term":[{"taxonomy":"category","embeddable":true,"href":"https:\/\/www.lasoci.org\/es\/wp-json\/wp\/v2\/categories?post=14858"},{"taxonomy":"post_tag","embeddable":true,"href":"https:\/\/www.lasoci.org\/es\/wp-json\/wp\/v2\/tags?post=14858"}],"curies":[{"name":"wp","href":"https:\/\/api.w.org\/{rel}","templated":true}]}}