{"id":14823,"date":"2023-12-18T14:55:29","date_gmt":"2023-12-18T13:55:29","guid":{"rendered":"https:\/\/www.lasoci.org\/historia-barcelona-visita-la-biblioteca-publica-arus\/"},"modified":"2023-12-18T14:55:29","modified_gmt":"2023-12-18T13:55:29","slug":"historia-barcelona-visita-la-biblioteca-publica-arus","status":"publish","type":"post","link":"https:\/\/www.lasoci.org\/es\/historia-barcelona-visita-la-biblioteca-publica-arus\/","title":{"rendered":"Hist\u00f2ria Barcelona visita la Biblioteca P\u00fablica Ar\u00fas"},"content":{"rendered":"\n<p>Para cerrar el ciclo sobre masoner\u00eda, la secci\u00f3n de Hist\u00f2ria Barcelona organiz\u00f3 una visita a la Biblioteca P\u00fablica Ar\u00fas. Esta fue fundada gracias al legado de Rossend Ar\u00fas y Arderiu en 1895 como biblioteca general, con la voluntad de instruir al pueblo de Barcelona.<\/p>\n\n<p>Actualmente, se ha convertido en una biblioteca de investigaci\u00f3n especializada en masoner\u00eda, movimiento obrero, republicanismo federal, anarquismo, y el universo de Sherlock Holmes. Asimismo, conserva un fondo patrimonial muy importante formado por documentos de todas las materias del conocimiento humano, con un predominio de obras publicadas en el siglo XIX y primer tercio del XX. Contiene aproximadamente 80.000 vol\u00famenes, publicaciones en serie, manuscritos e incunables, documentos cartogr\u00e1ficos y partituras.<\/p>\n\n<p>\u00abToda una experiencia visitar los rincones de esta biblioteca, llena de detalles arquitect\u00f3nicos y de recuerdos de los fundadores\u00bb, comenta Roser P\u00e0ez, delegada de Hist\u00f2ria Barcelona.<\/p>\n\n<p>Interesante tambi\u00e9n la estatua de la libertad en bronce, que lleg\u00f3 a Barcelona para la inauguraci\u00f3n de la biblioteca el 24 de marzo de 1895, nueve a\u00f1os despu\u00e9s de que se inaugurara la de Nueva York. El encargo lo hizo Rossend Ar\u00fas al escultor Odoardo Luis Razzauti, especialista en bronce, que hizo una r\u00e9plica de dos metros de las dos que hay en Par\u00eds. Pero el ejemplar tiene un detalle muy diferente a la estatua original, la inscripci\u00f3n \u201cAnimas Libertas\u201d en el libro que sujeta con la mano izquierda. Un mensaje de libertad de pensamiento que tambi\u00e9n promulgaba Rossend Ar\u00fas y la logia mas\u00f3nica.<\/p>\n","protected":false},"excerpt":{"rendered":"<p>Para cerrar el ciclo sobre masoner\u00eda, la secci\u00f3n de Hist\u00f2ria Barcelona organiz\u00f3 una visita a la Biblioteca P\u00fablica Ar\u00fas. Esta fue fundada gracias al legado de Rossend Ar\u00fas y Arderiu en 1895 como biblioteca general, con la voluntad de instruir al pueblo de Barcelona. Actualmente, se ha convertido en una biblioteca de investigaci\u00f3n especializada en&#8230;<\/p>\n","protected":false},"author":3,"featured_media":14821,"comment_status":"closed","ping_status":"closed","sticky":false,"template":"","format":"standard","meta":{"footnotes":""},"categories":[44],"tags":[],"class_list":["post-14823","post","type-post","status-publish","format-standard","has-post-thumbnail","hentry","category-cultura-es"],"_links":{"self":[{"href":"https:\/\/www.lasoci.org\/es\/wp-json\/wp\/v2\/posts\/14823","targetHints":{"allow":["GET"]}}],"collection":[{"href":"https:\/\/www.lasoci.org\/es\/wp-json\/wp\/v2\/posts"}],"about":[{"href":"https:\/\/www.lasoci.org\/es\/wp-json\/wp\/v2\/types\/post"}],"author":[{"embeddable":true,"href":"https:\/\/www.lasoci.org\/es\/wp-json\/wp\/v2\/users\/3"}],"replies":[{"embeddable":true,"href":"https:\/\/www.lasoci.org\/es\/wp-json\/wp\/v2\/comments?post=14823"}],"version-history":[{"count":1,"href":"https:\/\/www.lasoci.org\/es\/wp-json\/wp\/v2\/posts\/14823\/revisions"}],"predecessor-version":[{"id":14824,"href":"https:\/\/www.lasoci.org\/es\/wp-json\/wp\/v2\/posts\/14823\/revisions\/14824"}],"wp:featuredmedia":[{"embeddable":true,"href":"https:\/\/www.lasoci.org\/es\/wp-json\/wp\/v2\/media\/14821"}],"wp:attachment":[{"href":"https:\/\/www.lasoci.org\/es\/wp-json\/wp\/v2\/media?parent=14823"}],"wp:term":[{"taxonomy":"category","embeddable":true,"href":"https:\/\/www.lasoci.org\/es\/wp-json\/wp\/v2\/categories?post=14823"},{"taxonomy":"post_tag","embeddable":true,"href":"https:\/\/www.lasoci.org\/es\/wp-json\/wp\/v2\/tags?post=14823"}],"curies":[{"name":"wp","href":"https:\/\/api.w.org\/{rel}","templated":true}]}}