{"id":14807,"date":"2023-12-14T14:54:21","date_gmt":"2023-12-14T13:54:21","guid":{"rendered":"https:\/\/www.lasoci.org\/historia-valencia-en-la-ruta-de-la-naranja\/"},"modified":"2023-12-14T14:56:06","modified_gmt":"2023-12-14T13:56:06","slug":"historia-valencia-en-la-ruta-de-la-naranja","status":"publish","type":"post","link":"https:\/\/www.lasoci.org\/es\/historia-valencia-en-la-ruta-de-la-naranja\/","title":{"rendered":"Historia Valencia en la ruta de la naranja"},"content":{"rendered":"\n<p><strong>El s\u00e1bado 25 de noviembre, <\/strong><strong>Historia Valencia<\/strong>&nbsp;hizo una visita al Hort El Rovellet y el Magatzem de Ribera en Carcaixent, en la ribera del r\u00edo X\u00faquer, un municipio que tiene una gran producci\u00f3n de&nbsp;<strong>naranjas<\/strong>&nbsp;y ha ido incorporando este c\u00edtrico y sus procesos como una interesante propuesta tur\u00edstica.<\/p>\n\n\n\n<p>La excursi\u00f3n empez\u00f3 en el&nbsp;<strong>Hort El Rovellet<\/strong>, donde los agricultores ecol\u00f3gicos les explicaron las variedades y las formas de cultivo de la naranja. Posteriormente, visitaron el&nbsp;<strong>Magatzem de Ribera<\/strong>, un edificio singular con un destacado inter\u00e9s por ser un s\u00edmbolo de la arquitectura industrial vinculada a la producci\u00f3n de la naranja en tierras de la Comunidad Valenciana. Finalmente, hicieron una ruta por el pueblo de&nbsp;<strong>Carcaixent<\/strong>, con edificios neocl\u00e1sicos y modernistas del siglo XIX, y almorzaron juntos en el restaurante La Br\u00faixola, donde pudieron degustar platos t\u00edpicos del municipio.<\/p>\n\n\n\n<p>\u201cLo pasamos muy bien, pues, adem\u00e1s de la interesante visita, los agricultores nos prepararon una prueba de zumos y variedades de naranja y una degustaci\u00f3n de coca de llanda de mandarina, y adem\u00e1s nos regalaron una bolsa con 2 kg de naranja ecol\u00f3gica. \u00a1Los compa\u00f1eros y compa\u00f1eras quedaron encantados con la visita!\u201d, comenta Eva Mar\u00eda Gonz\u00e1lez, delegada de la secci\u00f3n.<\/p>\n","protected":false},"excerpt":{"rendered":"<p>El s\u00e1bado 25 de noviembre, Historia Valencia&nbsp;hizo una visita al Hort El Rovellet y el Magatzem de Ribera en Carcaixent, en la ribera del r\u00edo X\u00faquer, un municipio que tiene una gran producci\u00f3n de&nbsp;naranjas&nbsp;y ha ido incorporando este c\u00edtrico y sus procesos como una interesante propuesta tur\u00edstica. La excursi\u00f3n empez\u00f3 en el&nbsp;Hort El Rovellet, donde&#8230;<\/p>\n","protected":false},"author":3,"featured_media":14805,"comment_status":"closed","ping_status":"closed","sticky":false,"template":"","format":"standard","meta":{"footnotes":""},"categories":[44],"tags":[],"class_list":["post-14807","post","type-post","status-publish","format-standard","has-post-thumbnail","hentry","category-cultura-es"],"_links":{"self":[{"href":"https:\/\/www.lasoci.org\/es\/wp-json\/wp\/v2\/posts\/14807","targetHints":{"allow":["GET"]}}],"collection":[{"href":"https:\/\/www.lasoci.org\/es\/wp-json\/wp\/v2\/posts"}],"about":[{"href":"https:\/\/www.lasoci.org\/es\/wp-json\/wp\/v2\/types\/post"}],"author":[{"embeddable":true,"href":"https:\/\/www.lasoci.org\/es\/wp-json\/wp\/v2\/users\/3"}],"replies":[{"embeddable":true,"href":"https:\/\/www.lasoci.org\/es\/wp-json\/wp\/v2\/comments?post=14807"}],"version-history":[{"count":3,"href":"https:\/\/www.lasoci.org\/es\/wp-json\/wp\/v2\/posts\/14807\/revisions"}],"predecessor-version":[{"id":14811,"href":"https:\/\/www.lasoci.org\/es\/wp-json\/wp\/v2\/posts\/14807\/revisions\/14811"}],"wp:featuredmedia":[{"embeddable":true,"href":"https:\/\/www.lasoci.org\/es\/wp-json\/wp\/v2\/media\/14805"}],"wp:attachment":[{"href":"https:\/\/www.lasoci.org\/es\/wp-json\/wp\/v2\/media?parent=14807"}],"wp:term":[{"taxonomy":"category","embeddable":true,"href":"https:\/\/www.lasoci.org\/es\/wp-json\/wp\/v2\/categories?post=14807"},{"taxonomy":"post_tag","embeddable":true,"href":"https:\/\/www.lasoci.org\/es\/wp-json\/wp\/v2\/tags?post=14807"}],"curies":[{"name":"wp","href":"https:\/\/api.w.org\/{rel}","templated":true}]}}