{"id":14800,"date":"2023-12-12T14:12:04","date_gmt":"2023-12-12T13:12:04","guid":{"rendered":"https:\/\/www.lasoci.org\/musica-popular-tenerife-brinda-alegria-en-el-xiii-dia-de-san-andres\/"},"modified":"2023-12-12T14:12:25","modified_gmt":"2023-12-12T13:12:25","slug":"musica-popular-tenerife-brinda-alegria-en-el-xiii-dia-de-san-andres","status":"publish","type":"post","link":"https:\/\/www.lasoci.org\/es\/musica-popular-tenerife-brinda-alegria-en-el-xiii-dia-de-san-andres\/","title":{"rendered":"M\u00fasica Popular Tenerife brinda alegr\u00eda en el XIII D\u00eda de San Andr\u00e9s"},"content":{"rendered":"\n<p>El lunes 27 de noviembre, M\u00fasica Popular Tenerife cumpli\u00f3 con su compromiso solidario al participar activamente en el XIII D\u00eda de San Andr\u00e9s, celebrado en el Centro de Ciudadanos de Gracia en San Crist\u00f3bal de La Laguna. Los compa\u00f1eros y compa\u00f1eras de la Soci deleitaron a una audiencia de aproximadamente 125 personas con parte de su variado repertorio. Como siempre, lograron crear un ambiente festivo y conectar emocionalmente con los asistentes, que recibieron el concierto con entusiasmo y aplausos.<\/p>\n\n<p>Tras la actuaci\u00f3n, los miembros de M\u00fasica Popular Tenerife se unieron a la tradicional \u00abcasta\u00f1ada\u00bb, t\u00edpica de las celebraciones del D\u00eda de San Andr\u00e9s. Este momento de convivencia y compartici\u00f3n de sabores locales fortaleci\u00f3 los lazos entre los m\u00fasicos y el p\u00fablico, consolidando el esp\u00edritu comunitario que caracteriza a la agrupaci\u00f3n.<\/p>\n\n<p>En cada actuaci\u00f3n, M\u00fasica Popular Tenerife demuestra su compromiso con la promoci\u00f3n de la cultura y la conexi\u00f3n humana a trav\u00e9s del arte.<\/p>\n","protected":false},"excerpt":{"rendered":"<p>El lunes 27 de noviembre, M\u00fasica Popular Tenerife cumpli\u00f3 con su compromiso solidario al participar activamente en el XIII D\u00eda de San Andr\u00e9s, celebrado en el Centro de Ciudadanos de Gracia en San Crist\u00f3bal de La Laguna. Los compa\u00f1eros y compa\u00f1eras de la Soci deleitaron a una audiencia de aproximadamente 125 personas con parte de&#8230;<\/p>\n","protected":false},"author":3,"featured_media":14798,"comment_status":"closed","ping_status":"closed","sticky":false,"template":"","format":"standard","meta":{"footnotes":""},"categories":[45],"tags":[],"class_list":["post-14800","post","type-post","status-publish","format-standard","has-post-thumbnail","hentry","category-voluntariado"],"_links":{"self":[{"href":"https:\/\/www.lasoci.org\/es\/wp-json\/wp\/v2\/posts\/14800","targetHints":{"allow":["GET"]}}],"collection":[{"href":"https:\/\/www.lasoci.org\/es\/wp-json\/wp\/v2\/posts"}],"about":[{"href":"https:\/\/www.lasoci.org\/es\/wp-json\/wp\/v2\/types\/post"}],"author":[{"embeddable":true,"href":"https:\/\/www.lasoci.org\/es\/wp-json\/wp\/v2\/users\/3"}],"replies":[{"embeddable":true,"href":"https:\/\/www.lasoci.org\/es\/wp-json\/wp\/v2\/comments?post=14800"}],"version-history":[{"count":1,"href":"https:\/\/www.lasoci.org\/es\/wp-json\/wp\/v2\/posts\/14800\/revisions"}],"predecessor-version":[{"id":14801,"href":"https:\/\/www.lasoci.org\/es\/wp-json\/wp\/v2\/posts\/14800\/revisions\/14801"}],"wp:featuredmedia":[{"embeddable":true,"href":"https:\/\/www.lasoci.org\/es\/wp-json\/wp\/v2\/media\/14798"}],"wp:attachment":[{"href":"https:\/\/www.lasoci.org\/es\/wp-json\/wp\/v2\/media?parent=14800"}],"wp:term":[{"taxonomy":"category","embeddable":true,"href":"https:\/\/www.lasoci.org\/es\/wp-json\/wp\/v2\/categories?post=14800"},{"taxonomy":"post_tag","embeddable":true,"href":"https:\/\/www.lasoci.org\/es\/wp-json\/wp\/v2\/tags?post=14800"}],"curies":[{"name":"wp","href":"https:\/\/api.w.org\/{rel}","templated":true}]}}