{"id":13920,"date":"2023-07-20T13:57:59","date_gmt":"2023-07-20T11:57:59","guid":{"rendered":"https:\/\/www.lasoci.org\/senderismo-alicante-colabora-con-la-asociacion-despertar\/"},"modified":"2023-07-20T13:57:59","modified_gmt":"2023-07-20T11:57:59","slug":"senderismo-alicante-colabora-con-la-asociacion-despertar","status":"publish","type":"post","link":"https:\/\/www.lasoci.org\/es\/senderismo-alicante-colabora-con-la-asociacion-despertar\/","title":{"rendered":"Senderismo Alicante colabora con la Asociaci\u00f3n Despertar"},"content":{"rendered":"\n<p>El 5 de abril, la secci\u00f3n de Senderismo Alicante aprovech\u00f3 la salida que acostumbran a hacer los mi\u00e9rcoles para, adem\u00e1s, asistir a la Marcha Solidaria de la Asociaci\u00f3n Despertar, que atiende a personas con discapacidad f\u00edsica, ps\u00edquica y sensorial de Castalla y comarca.<\/p>\n\n<p>As\u00ed, primero realizaron una ruta de 8 km dentro del t\u00e9rmino de Castalla, en un recorrido agradable con mucha vegetaci\u00f3n y sendas f\u00e1ciles de transitar, con una duraci\u00f3n aproximada de 2 horas y media. Al finalizar, se unieron a la Marcha Solidaria que la Asociaci\u00f3n Despertar realiza todos los a\u00f1os para dar visibilidad y recaudar fondos para su labor social. Esta marcha fue de 4 km, con una duraci\u00f3n de algo m\u00e1s de 1 hora.<\/p>\n\n<p>Adem\u00e1s de participar en la marcha, los miembros de la secci\u00f3n colaboraron en la donaci\u00f3n de fondos para la entidad.<\/p>\n","protected":false},"excerpt":{"rendered":"<p>El 5 de abril, la secci\u00f3n de Senderismo Alicante aprovech\u00f3 la salida que acostumbran a hacer los mi\u00e9rcoles para, adem\u00e1s, asistir a la Marcha Solidaria de la Asociaci\u00f3n Despertar, que atiende a personas con discapacidad f\u00edsica, ps\u00edquica y sensorial de Castalla y comarca. As\u00ed, primero realizaron una ruta de 8 km dentro del t\u00e9rmino de&#8230;<\/p>\n","protected":false},"author":3,"featured_media":13918,"comment_status":"closed","ping_status":"closed","sticky":false,"template":"","format":"standard","meta":{"footnotes":""},"categories":[45],"tags":[],"class_list":["post-13920","post","type-post","status-publish","format-standard","has-post-thumbnail","hentry","category-voluntariado"],"_links":{"self":[{"href":"https:\/\/www.lasoci.org\/es\/wp-json\/wp\/v2\/posts\/13920","targetHints":{"allow":["GET"]}}],"collection":[{"href":"https:\/\/www.lasoci.org\/es\/wp-json\/wp\/v2\/posts"}],"about":[{"href":"https:\/\/www.lasoci.org\/es\/wp-json\/wp\/v2\/types\/post"}],"author":[{"embeddable":true,"href":"https:\/\/www.lasoci.org\/es\/wp-json\/wp\/v2\/users\/3"}],"replies":[{"embeddable":true,"href":"https:\/\/www.lasoci.org\/es\/wp-json\/wp\/v2\/comments?post=13920"}],"version-history":[{"count":1,"href":"https:\/\/www.lasoci.org\/es\/wp-json\/wp\/v2\/posts\/13920\/revisions"}],"predecessor-version":[{"id":13921,"href":"https:\/\/www.lasoci.org\/es\/wp-json\/wp\/v2\/posts\/13920\/revisions\/13921"}],"wp:featuredmedia":[{"embeddable":true,"href":"https:\/\/www.lasoci.org\/es\/wp-json\/wp\/v2\/media\/13918"}],"wp:attachment":[{"href":"https:\/\/www.lasoci.org\/es\/wp-json\/wp\/v2\/media?parent=13920"}],"wp:term":[{"taxonomy":"category","embeddable":true,"href":"https:\/\/www.lasoci.org\/es\/wp-json\/wp\/v2\/categories?post=13920"},{"taxonomy":"post_tag","embeddable":true,"href":"https:\/\/www.lasoci.org\/es\/wp-json\/wp\/v2\/tags?post=13920"}],"curies":[{"name":"wp","href":"https:\/\/api.w.org\/{rel}","templated":true}]}}