{"id":13814,"date":"2023-06-30T14:01:49","date_gmt":"2023-06-30T12:01:49","guid":{"rendered":"https:\/\/www.lasoci.org\/montana-navarra-ascension-en-el-pirineo-oscense\/"},"modified":"2023-06-30T14:02:14","modified_gmt":"2023-06-30T12:02:14","slug":"montana-navarra-ascension-en-el-pirineo-oscense","status":"publish","type":"post","link":"https:\/\/www.lasoci.org\/es\/montana-navarra-ascension-en-el-pirineo-oscense\/","title":{"rendered":"Monta\u00f1a Navarra: ascensi\u00f3n en el Pirineo oscense"},"content":{"rendered":"\n<p>El martes 27 de junio, los compa\u00f1eros de Monta\u00f1a Navarra salieron de Pamplona para dirigirse al punto de partida de su ascensi\u00f3n, esta vez en la Selva de Oza, en el Valle de Hecho (Huesca).<\/p>\n\n<p>La idea era realizar una ruta circular para ascender al ib\u00f3n de Acherito (1.870 m), el m\u00e1s occidental de los Pirineos. Las expectativas se cumplieron en una ma\u00f1ana que se preve\u00eda calurosa con algunas nubes.<\/p>\n\n<p>El ascenso, con calor y repechos exigentes, se hizo desde la Selva de Oza. Despu\u00e9s de un breve descanso en la orilla y avituallamiento, siguieron la ruta circular descendiendo suavemente hacia las laderas de las Ferrer\u00edas y su propio barranco, para luego tomar el barranco de Acherito, que desemboca en el punto de partida. Cuatro horas y cuarto de esfuerzos y breves descansos para reponer resuellos y admirar las bonitas vistas del Parque Natural de los Valles Occidentales.<\/p>\n\n<p>Una vez en el punto de salida, se acercaron al Camping de la Selva de Oza para comer un men\u00fa con el que reponer el desgaste del d\u00eda y comentar la ascensi\u00f3n. \u00a1Una salida fant\u00e1stica!<\/p>\n","protected":false},"excerpt":{"rendered":"<p>El martes 27 de junio, los compa\u00f1eros de Monta\u00f1a Navarra salieron de Pamplona para dirigirse al punto de partida de su ascensi\u00f3n, esta vez en la Selva de Oza, en el Valle de Hecho (Huesca). La idea era realizar una ruta circular para ascender al ib\u00f3n de Acherito (1.870 m), el m\u00e1s occidental de los&#8230;<\/p>\n","protected":false},"author":3,"featured_media":13812,"comment_status":"closed","ping_status":"closed","sticky":false,"template":"","format":"standard","meta":{"footnotes":""},"categories":[48],"tags":[],"class_list":["post-13814","post","type-post","status-publish","format-standard","has-post-thumbnail","hentry","category-deporte"],"_links":{"self":[{"href":"https:\/\/www.lasoci.org\/es\/wp-json\/wp\/v2\/posts\/13814","targetHints":{"allow":["GET"]}}],"collection":[{"href":"https:\/\/www.lasoci.org\/es\/wp-json\/wp\/v2\/posts"}],"about":[{"href":"https:\/\/www.lasoci.org\/es\/wp-json\/wp\/v2\/types\/post"}],"author":[{"embeddable":true,"href":"https:\/\/www.lasoci.org\/es\/wp-json\/wp\/v2\/users\/3"}],"replies":[{"embeddable":true,"href":"https:\/\/www.lasoci.org\/es\/wp-json\/wp\/v2\/comments?post=13814"}],"version-history":[{"count":1,"href":"https:\/\/www.lasoci.org\/es\/wp-json\/wp\/v2\/posts\/13814\/revisions"}],"predecessor-version":[{"id":13815,"href":"https:\/\/www.lasoci.org\/es\/wp-json\/wp\/v2\/posts\/13814\/revisions\/13815"}],"wp:featuredmedia":[{"embeddable":true,"href":"https:\/\/www.lasoci.org\/es\/wp-json\/wp\/v2\/media\/13812"}],"wp:attachment":[{"href":"https:\/\/www.lasoci.org\/es\/wp-json\/wp\/v2\/media?parent=13814"}],"wp:term":[{"taxonomy":"category","embeddable":true,"href":"https:\/\/www.lasoci.org\/es\/wp-json\/wp\/v2\/categories?post=13814"},{"taxonomy":"post_tag","embeddable":true,"href":"https:\/\/www.lasoci.org\/es\/wp-json\/wp\/v2\/tags?post=13814"}],"curies":[{"name":"wp","href":"https:\/\/api.w.org\/{rel}","templated":true}]}}