{"id":13808,"date":"2023-06-29T12:39:48","date_gmt":"2023-06-29T10:39:48","guid":{"rendered":"https:\/\/www.lasoci.org\/historia-mallorca-visita-el-ayuntamiento-de-palma\/"},"modified":"2023-06-29T12:39:56","modified_gmt":"2023-06-29T10:39:56","slug":"historia-mallorca-visita-el-ayuntamiento-de-palma","status":"publish","type":"post","link":"https:\/\/www.lasoci.org\/es\/historia-mallorca-visita-el-ayuntamiento-de-palma\/","title":{"rendered":"Hist\u00f2ria Mallorca visita el Ayuntamiento de Palma"},"content":{"rendered":"\n<p>Un grupo de la secci\u00f3n de Hist\u00f2ria Mallorca ha realizado, en junio, una visita al Ayuntamiento de Palma, una instituci\u00f3n que no es solo el centro para el ciudadano local. Hasta la llegada de los Borbones, en 1716, fue el espacio donde se reun\u00eda el Gran i General Consell, instituci\u00f3n creada por Jaime I el Conquistador. Se reun\u00edan los representantes de los principales estamentos de la sociedad mallorquina.<\/p>\n\n<p>Adem\u00e1s de estar lleno de historia del Reino de Mallorca, en las salas encontramos objetos, pinturas y tapices que, a modo de museo, resumen sus 2.000 a\u00f1os de historia. Los compa\u00f1eros de la Soci, tambi\u00e9n disfrutaron de una r\u00e9plica de la llave del Reino (exposici\u00f3n temporal), joya que fue entregada por los hermanados al Emperador Carlos I, en la localidad de Valladolid, y de la que hoy se ha perdido la pista.<\/p>\n\n<p>El grupo tuvo el honor y el privilegio de tener como gu\u00eda al ilustre cronista oficial de la ciudad de Palma, el Sr. Bartomeu Bertard Cladera.<\/p>\n\n<p>Si t\u00fa tambi\u00e9n quieres participar en las actividades de esta secci\u00f3n, \u00a1ap\u00fantate <a href=\"https:\/\/www.lasoci.org\/es\/seccion\/?idsecc%3D03600460\">aqu\u00ed<\/a>!<\/p>\n","protected":false},"excerpt":{"rendered":"<p>Un grupo de la secci\u00f3n de Hist\u00f2ria Mallorca ha realizado, en junio, una visita al Ayuntamiento de Palma, una instituci\u00f3n que no es solo el centro para el ciudadano local. Hasta la llegada de los Borbones, en 1716, fue el espacio donde se reun\u00eda el Gran i General Consell, instituci\u00f3n creada por Jaime I el&#8230;<\/p>\n","protected":false},"author":3,"featured_media":13807,"comment_status":"closed","ping_status":"closed","sticky":false,"template":"","format":"standard","meta":{"footnotes":""},"categories":[44],"tags":[],"class_list":["post-13808","post","type-post","status-publish","format-standard","has-post-thumbnail","hentry","category-cultura-es"],"_links":{"self":[{"href":"https:\/\/www.lasoci.org\/es\/wp-json\/wp\/v2\/posts\/13808","targetHints":{"allow":["GET"]}}],"collection":[{"href":"https:\/\/www.lasoci.org\/es\/wp-json\/wp\/v2\/posts"}],"about":[{"href":"https:\/\/www.lasoci.org\/es\/wp-json\/wp\/v2\/types\/post"}],"author":[{"embeddable":true,"href":"https:\/\/www.lasoci.org\/es\/wp-json\/wp\/v2\/users\/3"}],"replies":[{"embeddable":true,"href":"https:\/\/www.lasoci.org\/es\/wp-json\/wp\/v2\/comments?post=13808"}],"version-history":[{"count":1,"href":"https:\/\/www.lasoci.org\/es\/wp-json\/wp\/v2\/posts\/13808\/revisions"}],"predecessor-version":[{"id":13809,"href":"https:\/\/www.lasoci.org\/es\/wp-json\/wp\/v2\/posts\/13808\/revisions\/13809"}],"wp:featuredmedia":[{"embeddable":true,"href":"https:\/\/www.lasoci.org\/es\/wp-json\/wp\/v2\/media\/13807"}],"wp:attachment":[{"href":"https:\/\/www.lasoci.org\/es\/wp-json\/wp\/v2\/media?parent=13808"}],"wp:term":[{"taxonomy":"category","embeddable":true,"href":"https:\/\/www.lasoci.org\/es\/wp-json\/wp\/v2\/categories?post=13808"},{"taxonomy":"post_tag","embeddable":true,"href":"https:\/\/www.lasoci.org\/es\/wp-json\/wp\/v2\/tags?post=13808"}],"curies":[{"name":"wp","href":"https:\/\/api.w.org\/{rel}","templated":true}]}}