{"id":13798,"date":"2023-06-27T13:57:06","date_gmt":"2023-06-27T11:57:06","guid":{"rendered":"https:\/\/www.lasoci.org\/en-septiembre-encuentro-associacio-de-triatlon\/"},"modified":"2023-06-27T13:57:29","modified_gmt":"2023-06-27T11:57:29","slug":"en-septiembre-encuentro-associacio-de-triatlon","status":"publish","type":"post","link":"https:\/\/www.lasoci.org\/es\/en-septiembre-encuentro-associacio-de-triatlon\/","title":{"rendered":"En septiembre: Encuentro Associaci\u00f3 de Triatl\u00f3n"},"content":{"rendered":"\n<p>En el mes de septiembre tendr\u00e1 lugar un nuevo Encuentro Associaci\u00f3 de Triatl\u00f3n, en el que todos los triatletas de la Soci de todo el Estado comparten dos d\u00edas de competici\u00f3n y compa\u00f1erismo. Ser\u00e1 en Tossa de Mar, el 16 de septiembre.<\/p>\n\n<p>Si practicas esta modalidad, pero todav\u00eda no est\u00e1s apuntado en ninguna secci\u00f3n de triatl\u00f3n de la Soci y te gustar\u00eda poder asistir al encuentro, ap\u00fantate aqu\u00ed: <a href=\"https:\/\/www.lasoci.org\/es\/que-hacemos\/secciones-deportivas\/\">https:\/\/www.lasoci.org\/es\/que-hacemos\/secciones-deportivas\/<\/a>.<\/p>\n\n<p>\u00a1Encontrar\u00e1s m\u00e1s informaci\u00f3n, y c\u00f3mo apuntarte, <a href=\"https:\/\/www.lasoci.org\/es\/que-hacemos\/evento\/?idesd=015003870046233\">aqu\u00ed<\/a>!<\/p>\n\n<p><\/p>\n","protected":false},"excerpt":{"rendered":"<p>En el mes de septiembre tendr\u00e1 lugar un nuevo Encuentro Associaci\u00f3 de Triatl\u00f3n, en el que todos los triatletas de la Soci de todo el Estado comparten dos d\u00edas de competici\u00f3n y compa\u00f1erismo. Ser\u00e1 en Tossa de Mar, el 16 de septiembre. Si practicas esta modalidad, pero todav\u00eda no est\u00e1s apuntado en ninguna secci\u00f3n de&#8230;<\/p>\n","protected":false},"author":3,"featured_media":13795,"comment_status":"closed","ping_status":"closed","sticky":false,"template":"","format":"standard","meta":{"footnotes":""},"categories":[49],"tags":[],"class_list":["post-13798","post","type-post","status-publish","format-standard","has-post-thumbnail","hentry","category-asociacion"],"_links":{"self":[{"href":"https:\/\/www.lasoci.org\/es\/wp-json\/wp\/v2\/posts\/13798","targetHints":{"allow":["GET"]}}],"collection":[{"href":"https:\/\/www.lasoci.org\/es\/wp-json\/wp\/v2\/posts"}],"about":[{"href":"https:\/\/www.lasoci.org\/es\/wp-json\/wp\/v2\/types\/post"}],"author":[{"embeddable":true,"href":"https:\/\/www.lasoci.org\/es\/wp-json\/wp\/v2\/users\/3"}],"replies":[{"embeddable":true,"href":"https:\/\/www.lasoci.org\/es\/wp-json\/wp\/v2\/comments?post=13798"}],"version-history":[{"count":1,"href":"https:\/\/www.lasoci.org\/es\/wp-json\/wp\/v2\/posts\/13798\/revisions"}],"predecessor-version":[{"id":13799,"href":"https:\/\/www.lasoci.org\/es\/wp-json\/wp\/v2\/posts\/13798\/revisions\/13799"}],"wp:featuredmedia":[{"embeddable":true,"href":"https:\/\/www.lasoci.org\/es\/wp-json\/wp\/v2\/media\/13795"}],"wp:attachment":[{"href":"https:\/\/www.lasoci.org\/es\/wp-json\/wp\/v2\/media?parent=13798"}],"wp:term":[{"taxonomy":"category","embeddable":true,"href":"https:\/\/www.lasoci.org\/es\/wp-json\/wp\/v2\/categories?post=13798"},{"taxonomy":"post_tag","embeddable":true,"href":"https:\/\/www.lasoci.org\/es\/wp-json\/wp\/v2\/tags?post=13798"}],"curies":[{"name":"wp","href":"https:\/\/api.w.org\/{rel}","templated":true}]}}