{"id":13682,"date":"2023-06-14T13:08:27","date_gmt":"2023-06-14T11:08:27","guid":{"rendered":"https:\/\/www.lasoci.org\/gastronomia-burgos-comparte-una-actividad-con-la-cruz-roja\/"},"modified":"2023-06-14T13:08:36","modified_gmt":"2023-06-14T11:08:36","slug":"gastronomia-burgos-comparte-una-actividad-con-la-cruz-roja","status":"publish","type":"post","link":"https:\/\/www.lasoci.org\/es\/gastronomia-burgos-comparte-una-actividad-con-la-cruz-roja\/","title":{"rendered":"Gastronom\u00eda Burgos comparte una actividad con la Cruz Roja"},"content":{"rendered":"\n<p>Tal y como nos cuenta Enrique de la Cuesta, delegado de Gastronom\u00eda Burgos, el jueves 1 de junio, la secci\u00f3n disfrut\u00f3 de la gastroexperiencia \u00abAromas con sentido\u00bb junto a la Unidad de Empleo de Cruz Roja Burgos.<\/p>\n\n<p>A primera hora acompa\u00f1aron a una t\u00e9cnico de Cruz Roja a impartir un taller para motivar a los j\u00f3venes a encontrar su sentido laboral, en la Escuela P\u00fablica de Hosteler\u00eda y Turismo de Burgos, donde llevaron a cabo din\u00e1micas para orientar a este colectivo en la b\u00fasqueda de ese empleo que les motive y les permita aportar a la sociedad lo mejor de s\u00ed mismos.<\/p>\n\n<p>Posteriormente visitaron el Museo del Arco de Santa Mar\u00eda, donde un gu\u00eda que puso a su disposici\u00f3n el Ayuntamiento de Burgos les mostr\u00f3 el impacto y el sentido de las rutas del \u00abSue\u00f1o especiero\u00bb en un espectacular marco junto a la Catedral de Burgos.<\/p>\n\n<p>Regresaron de nuevo a la Escuela de Hosteler\u00eda para visitar la impresionante Biblioteca Sensorial enmarcada dentro del proyecto financiado con fondos europeos de \u00abiculinaria\u00bb de la mano de Gaspar Andr\u00e9s, t\u00e9cnico de hosteler\u00eda de reconocido prestigio, quien les regal\u00f3 una inolvidable experiencia arom\u00e1tica destapando los tarros m\u00e1gicos cuidados como un tesoro dentro de unas estanter\u00edas elaboradas para dicho fin.<\/p>\n\n<p>Finalizaron la jornada con un compartir gastron\u00f3mico con un exquisito men\u00fa arom\u00e1tico de degustaci\u00f3n elaborado con cari\u00f1o y esmero por los chefs de la secci\u00f3n, Maxi y Pablo, que fue la guinda del pastel de esta motivadora actividad.<\/p>\n\n<p>Una gran jornada de convivencia, que cont\u00f3 con la implicaci\u00f3n de muchas personas para que todo saliese a la perfecci\u00f3n.<\/p>\n","protected":false},"excerpt":{"rendered":"<p>Tal y como nos cuenta Enrique de la Cuesta, delegado de Gastronom\u00eda Burgos, el jueves 1 de junio, la secci\u00f3n disfrut\u00f3 de la gastroexperiencia \u00abAromas con sentido\u00bb junto a la Unidad de Empleo de Cruz Roja Burgos. A primera hora acompa\u00f1aron a una t\u00e9cnico de Cruz Roja a impartir un taller para motivar a los&#8230;<\/p>\n","protected":false},"author":3,"featured_media":13680,"comment_status":"closed","ping_status":"closed","sticky":false,"template":"","format":"standard","meta":{"footnotes":""},"categories":[45],"tags":[],"class_list":["post-13682","post","type-post","status-publish","format-standard","has-post-thumbnail","hentry","category-voluntariado"],"_links":{"self":[{"href":"https:\/\/www.lasoci.org\/es\/wp-json\/wp\/v2\/posts\/13682","targetHints":{"allow":["GET"]}}],"collection":[{"href":"https:\/\/www.lasoci.org\/es\/wp-json\/wp\/v2\/posts"}],"about":[{"href":"https:\/\/www.lasoci.org\/es\/wp-json\/wp\/v2\/types\/post"}],"author":[{"embeddable":true,"href":"https:\/\/www.lasoci.org\/es\/wp-json\/wp\/v2\/users\/3"}],"replies":[{"embeddable":true,"href":"https:\/\/www.lasoci.org\/es\/wp-json\/wp\/v2\/comments?post=13682"}],"version-history":[{"count":3,"href":"https:\/\/www.lasoci.org\/es\/wp-json\/wp\/v2\/posts\/13682\/revisions"}],"predecessor-version":[{"id":13685,"href":"https:\/\/www.lasoci.org\/es\/wp-json\/wp\/v2\/posts\/13682\/revisions\/13685"}],"wp:featuredmedia":[{"embeddable":true,"href":"https:\/\/www.lasoci.org\/es\/wp-json\/wp\/v2\/media\/13680"}],"wp:attachment":[{"href":"https:\/\/www.lasoci.org\/es\/wp-json\/wp\/v2\/media?parent=13682"}],"wp:term":[{"taxonomy":"category","embeddable":true,"href":"https:\/\/www.lasoci.org\/es\/wp-json\/wp\/v2\/categories?post=13682"},{"taxonomy":"post_tag","embeddable":true,"href":"https:\/\/www.lasoci.org\/es\/wp-json\/wp\/v2\/tags?post=13682"}],"curies":[{"name":"wp","href":"https:\/\/api.w.org\/{rel}","templated":true}]}}