{"id":13664,"date":"2023-06-12T13:41:58","date_gmt":"2023-06-12T11:41:58","guid":{"rendered":"https:\/\/www.lasoci.org\/actividades-subacuaticas-asturias-comparte-una-actividad-con-la-asociacion-centro-trama\/"},"modified":"2023-09-07T12:48:44","modified_gmt":"2023-09-07T10:48:44","slug":"actividades-subacuaticas-asturias-comparte-una-actividad-con-la-asociacion-centro-trama","status":"publish","type":"post","link":"https:\/\/www.lasoci.org\/es\/actividades-subacuaticas-asturias-comparte-una-actividad-con-la-asociacion-centro-trama\/","title":{"rendered":"Actividades Subacu\u00e1ticas Asturias comparte actividad con el Centro Trama"},"content":{"rendered":"\n<p>Las secciones asturianas de la Soci siempre est\u00e1n a punto para compartir sus actividades con los colectivos m\u00e1s desfavorecidos y en riesgo de exclusi\u00f3n social.<\/p>\n\n\n\n<p>Esta vez fue la secci\u00f3n de Actividades Subacu\u00e1ticas Asturias la que, el domingo 14 de mayo, organiz\u00f3 una actividad de submarinismo con el colectivo de adolescentes de la Asociaci\u00f3n Centro Trama en Asturias.<\/p>\n\n\n\n<p>Se trataba de pasar una estupenda jornada juntos en la villa de Cand\u00e1s, donde pudieron realizar una inmersi\u00f3n de forma relajada y segura con la empresa de buceo Speedy Water.<\/p>\n\n\n\n<p>El grupo, formado por unos 10 participantes organizados en turnos, pudo experimentar la incre\u00edble sensaci\u00f3n de respirar debajo del agua y la sensaci\u00f3n de ingravidez.<\/p>\n\n\n\n<p>Nervios, diversi\u00f3n y agradecimiento en la que, sin duda, fue una actividad bien diferente a las que est\u00e1n acostumbrados a realizar. \u00a1Bravo por Asturias!<\/p>\n","protected":false},"excerpt":{"rendered":"<p>Las secciones asturianas de la Soci siempre est\u00e1n a punto para compartir sus actividades con los colectivos m\u00e1s desfavorecidos y en riesgo de exclusi\u00f3n social. Esta vez fue la secci\u00f3n de Actividades Subacu\u00e1ticas Asturias la que, el domingo 14 de mayo, organiz\u00f3 una actividad de submarinismo con el colectivo de adolescentes de la Asociaci\u00f3n Centro&#8230;<\/p>\n","protected":false},"author":3,"featured_media":13662,"comment_status":"closed","ping_status":"closed","sticky":false,"template":"","format":"standard","meta":{"footnotes":""},"categories":[45],"tags":[],"class_list":["post-13664","post","type-post","status-publish","format-standard","has-post-thumbnail","hentry","category-voluntariado"],"_links":{"self":[{"href":"https:\/\/www.lasoci.org\/es\/wp-json\/wp\/v2\/posts\/13664","targetHints":{"allow":["GET"]}}],"collection":[{"href":"https:\/\/www.lasoci.org\/es\/wp-json\/wp\/v2\/posts"}],"about":[{"href":"https:\/\/www.lasoci.org\/es\/wp-json\/wp\/v2\/types\/post"}],"author":[{"embeddable":true,"href":"https:\/\/www.lasoci.org\/es\/wp-json\/wp\/v2\/users\/3"}],"replies":[{"embeddable":true,"href":"https:\/\/www.lasoci.org\/es\/wp-json\/wp\/v2\/comments?post=13664"}],"version-history":[{"count":3,"href":"https:\/\/www.lasoci.org\/es\/wp-json\/wp\/v2\/posts\/13664\/revisions"}],"predecessor-version":[{"id":14096,"href":"https:\/\/www.lasoci.org\/es\/wp-json\/wp\/v2\/posts\/13664\/revisions\/14096"}],"wp:featuredmedia":[{"embeddable":true,"href":"https:\/\/www.lasoci.org\/es\/wp-json\/wp\/v2\/media\/13662"}],"wp:attachment":[{"href":"https:\/\/www.lasoci.org\/es\/wp-json\/wp\/v2\/media?parent=13664"}],"wp:term":[{"taxonomy":"category","embeddable":true,"href":"https:\/\/www.lasoci.org\/es\/wp-json\/wp\/v2\/categories?post=13664"},{"taxonomy":"post_tag","embeddable":true,"href":"https:\/\/www.lasoci.org\/es\/wp-json\/wp\/v2\/tags?post=13664"}],"curies":[{"name":"wp","href":"https:\/\/api.w.org\/{rel}","templated":true}]}}