{"id":13585,"date":"2023-05-30T14:02:06","date_gmt":"2023-05-30T12:02:06","guid":{"rendered":"https:\/\/www.lasoci.org\/concierto-solidario-de-cant-coral-barcelona-no-te-lo-pierdas\/"},"modified":"2023-05-30T14:03:28","modified_gmt":"2023-05-30T12:03:28","slug":"concierto-solidario-de-cant-coral-barcelona-no-te-lo-pierdas","status":"publish","type":"post","link":"https:\/\/www.lasoci.org\/es\/concierto-solidario-de-cant-coral-barcelona-no-te-lo-pierdas\/","title":{"rendered":"Concierto solidario de Cant Coral Barcelona: \u00a1no te lo pierdas!"},"content":{"rendered":"\n<p>El domingo 11 de junio, a las 18.30 horas, la Coral Caelum ofrece un concierto solidario en la capilla de la Esperan\u00e7a (c\/ Palma de Sant Just, 4, Barcelona). El concierto ir\u00e1 en beneficio de la Fundaci\u00f3n de la Esperanza, en el centenario de la fusi\u00f3n de la Caixa de Pensions per a la Vellesa i d&#8217;Estalvis con el Monte de Piedad de la Virgen de la Esperanza.<\/p>\n\n\n\n<p>El programa incluye:<\/p>\n\n\n\n<ul class=\"wp-block-list\">\n<li>\u201cJazz Missa Brevis\u201d, de Will Todd<\/li>\n\n\n\n<li>\u201cNocturnos de la ventana\u201d, de Francesc Vila sobre poemas de Federico Garc\u00eda Lorca<\/li>\n\n\n\n<li>\u201cCanciones de ayer\u201d, medley con arreglos de Gerard Alonso<\/li>\n<\/ul>\n\n\n\n<p>Con Frederic Oller al piano, y la direcci\u00f3n de \u00d2scar Pe\u00f1arroya.<\/p>\n\n\n\n<p>\u00a1No te lo pierdas!<\/p>\n","protected":false},"excerpt":{"rendered":"<p>El domingo 11 de junio, a las 18.30 horas, la Coral Caelum ofrece un concierto solidario en la capilla de la Esperan\u00e7a (c\/ Palma de Sant Just, 4, Barcelona). El concierto ir\u00e1 en beneficio de la Fundaci\u00f3n de la Esperanza, en el centenario de la fusi\u00f3n de la Caixa de Pensions per a la Vellesa&#8230;<\/p>\n","protected":false},"author":3,"featured_media":13583,"comment_status":"closed","ping_status":"closed","sticky":false,"template":"","format":"standard","meta":{"footnotes":""},"categories":[44],"tags":[],"class_list":["post-13585","post","type-post","status-publish","format-standard","has-post-thumbnail","hentry","category-cultura-es"],"_links":{"self":[{"href":"https:\/\/www.lasoci.org\/es\/wp-json\/wp\/v2\/posts\/13585","targetHints":{"allow":["GET"]}}],"collection":[{"href":"https:\/\/www.lasoci.org\/es\/wp-json\/wp\/v2\/posts"}],"about":[{"href":"https:\/\/www.lasoci.org\/es\/wp-json\/wp\/v2\/types\/post"}],"author":[{"embeddable":true,"href":"https:\/\/www.lasoci.org\/es\/wp-json\/wp\/v2\/users\/3"}],"replies":[{"embeddable":true,"href":"https:\/\/www.lasoci.org\/es\/wp-json\/wp\/v2\/comments?post=13585"}],"version-history":[{"count":2,"href":"https:\/\/www.lasoci.org\/es\/wp-json\/wp\/v2\/posts\/13585\/revisions"}],"predecessor-version":[{"id":13587,"href":"https:\/\/www.lasoci.org\/es\/wp-json\/wp\/v2\/posts\/13585\/revisions\/13587"}],"wp:featuredmedia":[{"embeddable":true,"href":"https:\/\/www.lasoci.org\/es\/wp-json\/wp\/v2\/media\/13583"}],"wp:attachment":[{"href":"https:\/\/www.lasoci.org\/es\/wp-json\/wp\/v2\/media?parent=13585"}],"wp:term":[{"taxonomy":"category","embeddable":true,"href":"https:\/\/www.lasoci.org\/es\/wp-json\/wp\/v2\/categories?post=13585"},{"taxonomy":"post_tag","embeddable":true,"href":"https:\/\/www.lasoci.org\/es\/wp-json\/wp\/v2\/tags?post=13585"}],"curies":[{"name":"wp","href":"https:\/\/api.w.org\/{rel}","templated":true}]}}