{"id":13378,"date":"2023-04-25T14:18:00","date_gmt":"2023-04-25T12:18:00","guid":{"rendered":"https:\/\/www.lasoci.org\/presentacion-del-libro-un-llencol-blanc\/"},"modified":"2023-04-25T14:18:00","modified_gmt":"2023-04-25T12:18:00","slug":"presentacion-del-libro-un-llencol-blanc","status":"publish","type":"post","link":"https:\/\/www.lasoci.org\/es\/presentacion-del-libro-un-llencol-blanc\/","title":{"rendered":"Presentaci\u00f3n del libro \u00abUn llen\u00e7ol blanc\u00bb"},"content":{"rendered":"\n<p>El jueves 4 de mayo, a las 19 horas, ven a la sede social a la presentaci\u00f3n del libro \u00abUn llen\u00e7ol blanc\u00bb, del escritor, actor, activista cultural y compa\u00f1ero asociado <strong>Xavier Gonz\u00e0lez-Costa<\/strong>. Acompa\u00f1ar\u00e1 al autor la meteor\u00f3loga de TV3 y Catalunya R\u00e0dio, <strong>Gemma Puig<\/strong>, e intervendr\u00e1n en v\u00eddeo el periodista <strong>Manel Al\u00edas Tort y Sor Luc\u00eda Caram<\/strong>.<\/p>\n\n<p>El libro es un dietario po\u00e9tico de la guerra en Ucrania. Cuatro meses justos de poes\u00eda que han servido para devolvernos la l\u00edrica desgarradora y descarnada, a la vez que emocional y comprometida de Xavier Gonz\u00e0lez-Costa.<\/p>\n\n<p>\u00a1Ap\u00fantate <a href=\"https:\/\/www.lasoci.org\/es\/que-hacemos\/evento\/?idesd=000003350045731\">aqu\u00ed<\/a>!<\/p>\n","protected":false},"excerpt":{"rendered":"<p>El jueves 4 de mayo, a las 19 horas, ven a la sede social a la presentaci\u00f3n del libro \u00abUn llen\u00e7ol blanc\u00bb, del escritor, actor, activista cultural y compa\u00f1ero asociado Xavier Gonz\u00e0lez-Costa. Acompa\u00f1ar\u00e1 al autor la meteor\u00f3loga de TV3 y Catalunya R\u00e0dio, Gemma Puig, e intervendr\u00e1n en v\u00eddeo el periodista Manel Al\u00edas Tort y Sor&#8230;<\/p>\n","protected":false},"author":3,"featured_media":13376,"comment_status":"closed","ping_status":"closed","sticky":false,"template":"","format":"standard","meta":{"footnotes":""},"categories":[44],"tags":[],"class_list":["post-13378","post","type-post","status-publish","format-standard","has-post-thumbnail","hentry","category-cultura-es"],"_links":{"self":[{"href":"https:\/\/www.lasoci.org\/es\/wp-json\/wp\/v2\/posts\/13378","targetHints":{"allow":["GET"]}}],"collection":[{"href":"https:\/\/www.lasoci.org\/es\/wp-json\/wp\/v2\/posts"}],"about":[{"href":"https:\/\/www.lasoci.org\/es\/wp-json\/wp\/v2\/types\/post"}],"author":[{"embeddable":true,"href":"https:\/\/www.lasoci.org\/es\/wp-json\/wp\/v2\/users\/3"}],"replies":[{"embeddable":true,"href":"https:\/\/www.lasoci.org\/es\/wp-json\/wp\/v2\/comments?post=13378"}],"version-history":[{"count":1,"href":"https:\/\/www.lasoci.org\/es\/wp-json\/wp\/v2\/posts\/13378\/revisions"}],"predecessor-version":[{"id":13379,"href":"https:\/\/www.lasoci.org\/es\/wp-json\/wp\/v2\/posts\/13378\/revisions\/13379"}],"wp:featuredmedia":[{"embeddable":true,"href":"https:\/\/www.lasoci.org\/es\/wp-json\/wp\/v2\/media\/13376"}],"wp:attachment":[{"href":"https:\/\/www.lasoci.org\/es\/wp-json\/wp\/v2\/media?parent=13378"}],"wp:term":[{"taxonomy":"category","embeddable":true,"href":"https:\/\/www.lasoci.org\/es\/wp-json\/wp\/v2\/categories?post=13378"},{"taxonomy":"post_tag","embeddable":true,"href":"https:\/\/www.lasoci.org\/es\/wp-json\/wp\/v2\/tags?post=13378"}],"curies":[{"name":"wp","href":"https:\/\/api.w.org\/{rel}","templated":true}]}}