{"id":13332,"date":"2023-04-04T08:30:00","date_gmt":"2023-04-04T06:30:00","guid":{"rendered":"https:\/\/www.lasoci.org\/?p=13332"},"modified":"2023-04-01T18:48:54","modified_gmt":"2023-04-01T16:48:54","slug":"musica-popular-tenerife-canta-para-la-gente-mayor","status":"publish","type":"post","link":"https:\/\/www.lasoci.org\/es\/musica-popular-tenerife-canta-para-la-gente-mayor\/","title":{"rendered":"M\u00fasica Popular Tenerife canta para la gente mayor"},"content":{"rendered":"\n<p>\u00a1Cantadas solidarias! El grupo coral de M\u00fasica Popular Tenerife, junto a su delegado, Jos\u00e9 Carlos Hern\u00e1ndez, al frente, visit\u00f3 el Centro de la Tercera Edad, del Puertito de Guimar donde, frente a un auditorio de casi cien personas, entre residentes, familiares y personal del centro, interpretaron su fabuloso repertorio de canciones tradicionales de su tierra.<\/p>\n\n\n\n<p>La experiencia fue una vez m\u00e1s enriquecedora para los cantantes canarios y para los receptores del recital, que agradecieron la visita con muestras de agradecimiento constantes.<\/p>\n\n\n\n<p><strong>Agradecimiento mutuo<\/strong><\/p>\n\n\n\n<p>Es tener gusto por la m\u00fasica, es tener ganas de colaborar en una buena causa, es buscar el tiempo para dedicarlo a la gente mayor\u2026 \u00a1Es la receta de la Soci solidaria!<\/p>\n","protected":false},"excerpt":{"rendered":"<p>\u00a1Cantadas solidarias! El grupo coral de M\u00fasica Popular Tenerife, junto a su delegado, Jos\u00e9 Carlos Hern\u00e1ndez, al frente, visit\u00f3 el Centro de la Tercera Edad, del Puertito de Guimar donde, frente a un auditorio de casi cien personas, entre residentes, familiares y personal del centro, interpretaron su fabuloso repertorio de canciones tradicionales de su tierra&#8230;.<\/p>\n","protected":false},"author":4,"featured_media":13329,"comment_status":"closed","ping_status":"closed","sticky":false,"template":"","format":"standard","meta":{"footnotes":""},"categories":[44],"tags":[],"class_list":["post-13332","post","type-post","status-publish","format-standard","has-post-thumbnail","hentry","category-cultura-es"],"_links":{"self":[{"href":"https:\/\/www.lasoci.org\/es\/wp-json\/wp\/v2\/posts\/13332","targetHints":{"allow":["GET"]}}],"collection":[{"href":"https:\/\/www.lasoci.org\/es\/wp-json\/wp\/v2\/posts"}],"about":[{"href":"https:\/\/www.lasoci.org\/es\/wp-json\/wp\/v2\/types\/post"}],"author":[{"embeddable":true,"href":"https:\/\/www.lasoci.org\/es\/wp-json\/wp\/v2\/users\/4"}],"replies":[{"embeddable":true,"href":"https:\/\/www.lasoci.org\/es\/wp-json\/wp\/v2\/comments?post=13332"}],"version-history":[{"count":1,"href":"https:\/\/www.lasoci.org\/es\/wp-json\/wp\/v2\/posts\/13332\/revisions"}],"predecessor-version":[{"id":13333,"href":"https:\/\/www.lasoci.org\/es\/wp-json\/wp\/v2\/posts\/13332\/revisions\/13333"}],"wp:featuredmedia":[{"embeddable":true,"href":"https:\/\/www.lasoci.org\/es\/wp-json\/wp\/v2\/media\/13329"}],"wp:attachment":[{"href":"https:\/\/www.lasoci.org\/es\/wp-json\/wp\/v2\/media?parent=13332"}],"wp:term":[{"taxonomy":"category","embeddable":true,"href":"https:\/\/www.lasoci.org\/es\/wp-json\/wp\/v2\/categories?post=13332"},{"taxonomy":"post_tag","embeddable":true,"href":"https:\/\/www.lasoci.org\/es\/wp-json\/wp\/v2\/tags?post=13332"}],"curies":[{"name":"wp","href":"https:\/\/api.w.org\/{rel}","templated":true}]}}