{"id":13061,"date":"2023-02-07T08:30:00","date_gmt":"2023-02-07T07:30:00","guid":{"rendered":"https:\/\/www.lasoci.org\/?p=13061"},"modified":"2023-02-05T19:55:08","modified_gmt":"2023-02-05T18:55:08","slug":"visita-los-carnavales-de-cadiz-y-de-murcia","status":"publish","type":"post","link":"https:\/\/www.lasoci.org\/es\/visita-los-carnavales-de-cadiz-y-de-murcia\/","title":{"rendered":"Visita los Carnavales de C\u00e1diz y de Murcia"},"content":{"rendered":"\n<p>Ag\u00e9ndate el 19 de febrero: es tiempo de Carnavales ya la Soci nos gusta.<\/p>\n\n\n\n<p>Es por ello que le hemos preparado dos visitas guiadas a dos carnavales emblem\u00e1ticos, a las que est\u00e1n invitados todos los miembros de la Soci, de CaixaBank y de la Fundaci\u00f3n \u201cla Caixa\u201d<\/p>\n\n\n\n<p><strong>Carnavales de C\u00e1diz<\/strong><\/p>\n\n\n\n<p>Descubre toda la magia de los m\u00edticos carnavales gaditanos el domingo de corazones.<\/p>\n\n\n\n<p>&nbsp;&nbsp;&nbsp;&nbsp;&nbsp;&nbsp;&nbsp;&nbsp;&nbsp; La visita, medio cultural medio carnavalera, se har\u00e1 de 10 a 12 horas: se realizar\u00e1 un paseo por el Populo (explicaci\u00f3n del \u00abdue\u00f1o a escucha\u00bb &#8211; ilegales), paseo en direcci\u00f3n a \u00abEl Ca\u00f1\u00f3n\u00bb (punto m\u00edtico del carnaval hist\u00f3rico), la plaza y el carrusel de coros, y los puntos b\u00e1sicos de la calle: torre Tavira y callejones sin salida.<\/p>\n\n\n\n<p>&nbsp;&nbsp;&nbsp;&nbsp;&nbsp;&nbsp;&nbsp;&nbsp;&nbsp; Vive el ambiente de C\u00e1diz por Carnaval y, sobre las 13 horas, disfruta de los corazones.<\/p>\n\n\n\n<p>HORA: 10 a 12 horas visita cultural, sobre las 13 horas comienzan los corazones<\/p>\n\n\n\n<p>ENLACE INSCRIPCI\u00d3N: <a href=\"https:\/\/www.lasoci.org\/que-fem\/esdeveniment\/?idesd=000003350045042\">https:\/\/www.lasoci.org\/que-fem\/esdeveniment\/?idesd=000003350045042<\/a><\/p>\n\n\n\n<p><strong>Carnavales de Murcia<\/strong><\/p>\n\n\n\n<p>Se visitar\u00e1 Cabezo de Torres, la pedan\u00eda murciana carnavalera por antonomasia donde se vive esta Fiesta en su Semana Grande. Hablaremos de la historia de la pedan\u00eda y su vinculaci\u00f3n con el Carnaval.<\/p>\n\n\n\n<p>&nbsp;&nbsp;&nbsp;&nbsp;&nbsp;&nbsp;&nbsp;&nbsp;&nbsp; Visitaremos su templo principal: la iglesia de la Virgen de las L\u00e1grimas y despu\u00e9s visitaremos 2 de las comparsas que participan en el desfile de aquella misma tarde para conocerlas y ver los preparativos. La visita durar\u00e1 2 horas aproximadamente.<\/p>\n\n\n\n<p>&nbsp;&nbsp;&nbsp;&nbsp;&nbsp;&nbsp;&nbsp;&nbsp;&nbsp; Despu\u00e9s de la visita, se puede comer en las carpas que hay en el recinto carnavalero, donde habr\u00e1 mucho ambiente para que algunas comparsas almuercen all\u00ed. Hay men\u00fa cerrado a 17 euros\/pax. Consulte el men\u00fa en el documento adjunto.<\/p>\n\n\n\n<p>&nbsp;&nbsp;&nbsp;&nbsp;&nbsp;&nbsp;&nbsp;&nbsp;&nbsp; A las 17 horas veremos el desfile desde nuestros asientos reservados en las gradas.<\/p>\n\n\n\n<p>Horario: 11.30 a 13.30 h visita, ya las 17 h desfile<\/p>\n\n\n\n<p>ENLACE INSCRIPCI\u00d3N:<a href=\"https:\/\/www.lasoci.org\/que-fem\/esdeveniment\/?idesd=000003350045035\">https:\/\/www.lasoci.org\/que-fem\/esdeveniment\/?idesd=000003350045035<\/a><\/p>\n","protected":false},"excerpt":{"rendered":"<p>Ag\u00e9ndate el 19 de febrero: es tiempo de Carnavales ya la Soci nos gusta. Es por ello que le hemos preparado dos visitas guiadas a dos carnavales emblem\u00e1ticos, a las que est\u00e1n invitados todos los miembros de la Soci, de CaixaBank y de la Fundaci\u00f3n \u201cla Caixa\u201d Carnavales de C\u00e1diz Descubre toda la magia de&#8230;<\/p>\n","protected":false},"author":4,"featured_media":13058,"comment_status":"closed","ping_status":"closed","sticky":false,"template":"","format":"standard","meta":{"footnotes":""},"categories":[49],"tags":[],"class_list":["post-13061","post","type-post","status-publish","format-standard","has-post-thumbnail","hentry","category-asociacion"],"_links":{"self":[{"href":"https:\/\/www.lasoci.org\/es\/wp-json\/wp\/v2\/posts\/13061","targetHints":{"allow":["GET"]}}],"collection":[{"href":"https:\/\/www.lasoci.org\/es\/wp-json\/wp\/v2\/posts"}],"about":[{"href":"https:\/\/www.lasoci.org\/es\/wp-json\/wp\/v2\/types\/post"}],"author":[{"embeddable":true,"href":"https:\/\/www.lasoci.org\/es\/wp-json\/wp\/v2\/users\/4"}],"replies":[{"embeddable":true,"href":"https:\/\/www.lasoci.org\/es\/wp-json\/wp\/v2\/comments?post=13061"}],"version-history":[{"count":1,"href":"https:\/\/www.lasoci.org\/es\/wp-json\/wp\/v2\/posts\/13061\/revisions"}],"predecessor-version":[{"id":13062,"href":"https:\/\/www.lasoci.org\/es\/wp-json\/wp\/v2\/posts\/13061\/revisions\/13062"}],"wp:featuredmedia":[{"embeddable":true,"href":"https:\/\/www.lasoci.org\/es\/wp-json\/wp\/v2\/media\/13058"}],"wp:attachment":[{"href":"https:\/\/www.lasoci.org\/es\/wp-json\/wp\/v2\/media?parent=13061"}],"wp:term":[{"taxonomy":"category","embeddable":true,"href":"https:\/\/www.lasoci.org\/es\/wp-json\/wp\/v2\/categories?post=13061"},{"taxonomy":"post_tag","embeddable":true,"href":"https:\/\/www.lasoci.org\/es\/wp-json\/wp\/v2\/tags?post=13061"}],"curies":[{"name":"wp","href":"https:\/\/api.w.org\/{rel}","templated":true}]}}