{"id":13051,"date":"2023-02-03T08:30:00","date_gmt":"2023-02-03T07:30:00","guid":{"rendered":"https:\/\/www.lasoci.org\/?p=13051"},"modified":"2023-02-02T20:11:16","modified_gmt":"2023-02-02T19:11:16","slug":"granada-se-marco-un-tri-triple","status":"publish","type":"post","link":"https:\/\/www.lasoci.org\/es\/granada-se-marco-un-tri-triple\/","title":{"rendered":"Granada se marc\u00f3 un tri-triple"},"content":{"rendered":"\n<p>Fue la fiesta de la cesta en clave asociativa. El baloncesto asociativo volvi\u00f3 a tocar techo.<\/p>\n\n\n\n<p>&nbsp;&nbsp;&nbsp;&nbsp;&nbsp;&nbsp;&nbsp;&nbsp;&nbsp; \u00abHa sido una Copa con muy buen ambiente, tanto dentro como fuera de la pista\u00bb, era el comentario general de los participantes de las ocho secciones presentes, entre las cuales la anfitriona y organizadora del evento, Baloncesto Granada, con el su delegado, Jorge Juan Vanegas, al frente de todo el operativo.<\/p>\n\n\n\n<p><strong>Ocho secciones<\/strong><\/p>\n\n\n\n<p>Y en pista, las ocho secciones participantes que, todas, tuvieron sus buenos momentos, pero una vez m\u00e1s, Baloncesto Bizkaia-Araba hizo buenos los pron\u00f3sticos que le apuntaban como la favorita intratable a la victoria.<\/p>\n\n\n\n<p>&nbsp;&nbsp;&nbsp;&nbsp;&nbsp;&nbsp;&nbsp;&nbsp;&nbsp; Los vizca\u00ednos juegan muy bien y, adem\u00e1s, tienen jugadores j\u00f3venes (una muy buena noticia en clave asociativa).<\/p>\n\n\n\n<p>&nbsp;&nbsp;&nbsp;&nbsp;&nbsp;&nbsp;&nbsp;&nbsp;&nbsp; Adem\u00e1s de las secciones local y campeona, completaron el cuadro: Baloncesto Barcelona, Baloncesto Campo de Gibraltar, Baloncesto Sevilla, Baloncesto Almer\u00eda, Baloncesto Murcia y Baloncesto Madrid. Los partidos se disputaron en el pabell\u00f3n del Complejo Deportivo Bola de Oro, ubicado en la calle Santo Sepulcro de Granada.<\/p>\n\n\n\n<p><strong>Deportividad y competici\u00f3n<\/strong><\/p>\n\n\n\n<p>Desde los saltos iniciales de los primeros partidos, qued\u00f3 claro que todos los equipos hab\u00edan viajado a Granada con ganas de hacerlo bien, como es l\u00f3gico.<\/p>\n\n\n\n<p>&nbsp;&nbsp;&nbsp;&nbsp;&nbsp;&nbsp;&nbsp;&nbsp;&nbsp; Jugadas de notable m\u00e9rito en algunos casos, lanzamientos de calidad, rebotes, triples\u2026 Pero, por encima de todo, la XI Copa Asociaci\u00f3n de Baloncesto fue, un a\u00f1o m\u00e1s, un ejemplo de deportividad y muy buen ambiente.<\/p>\n\n\n\n<p>&nbsp;&nbsp;&nbsp;&nbsp;&nbsp;&nbsp;&nbsp;&nbsp;&nbsp; En este sentido, la reflexi\u00f3n de Jos\u00e9 Francisco lo clava: \u201cSomos compa\u00f1eros y somos amigos que sabemos ir a por todas a la pista y despu\u00e9s nos lo pasamos muy bien despu\u00e9s comentando la jugada mientras cenamos juntos\u201d.<\/p>\n\n\n\n<p><strong>Jornada intensa<\/strong><\/p>\n\n\n\n<p>Los ocho equipos se dividieron en dos grupos de cuatro equipos y los dos primeros de cada grupo disputaron la gran final.<\/p>\n\n\n\n<p>&nbsp;&nbsp;&nbsp;&nbsp;&nbsp;&nbsp;&nbsp;&nbsp;&nbsp; Baloncesto Almer\u00eda dio la campanada, clasific\u00e1ndose para disputar la gran final contra los vigentes campeones, los compa\u00f1eros vizca\u00ednos, que se mostraron superiores y se acabaron imponiendo por un 46 a 72, el resultado final que mostraba el marcador electr\u00f3nico del pabell\u00f3n granadino. El compa\u00f1ero vizca\u00edno, Ramon Torres, fue nombrado MVP del torneo.<\/p>\n\n\n\n<p>&nbsp;&nbsp;&nbsp;&nbsp;&nbsp;&nbsp;&nbsp;&nbsp;&nbsp; \u00a1Viva la Copa! \u00a1Viva la Soci!<\/p>\n","protected":false},"excerpt":{"rendered":"<p>Fue la fiesta de la cesta en clave asociativa. El baloncesto asociativo volvi\u00f3 a tocar techo. &nbsp;&nbsp;&nbsp;&nbsp;&nbsp;&nbsp;&nbsp;&nbsp;&nbsp; \u00abHa sido una Copa con muy buen ambiente, tanto dentro como fuera de la pista\u00bb, era el comentario general de los participantes de las ocho secciones presentes, entre las cuales la anfitriona y organizadora del evento, Baloncesto Granada,&#8230;<\/p>\n","protected":false},"author":4,"featured_media":13048,"comment_status":"closed","ping_status":"closed","sticky":false,"template":"","format":"standard","meta":{"footnotes":""},"categories":[48],"tags":[],"class_list":["post-13051","post","type-post","status-publish","format-standard","has-post-thumbnail","hentry","category-deporte"],"_links":{"self":[{"href":"https:\/\/www.lasoci.org\/es\/wp-json\/wp\/v2\/posts\/13051","targetHints":{"allow":["GET"]}}],"collection":[{"href":"https:\/\/www.lasoci.org\/es\/wp-json\/wp\/v2\/posts"}],"about":[{"href":"https:\/\/www.lasoci.org\/es\/wp-json\/wp\/v2\/types\/post"}],"author":[{"embeddable":true,"href":"https:\/\/www.lasoci.org\/es\/wp-json\/wp\/v2\/users\/4"}],"replies":[{"embeddable":true,"href":"https:\/\/www.lasoci.org\/es\/wp-json\/wp\/v2\/comments?post=13051"}],"version-history":[{"count":1,"href":"https:\/\/www.lasoci.org\/es\/wp-json\/wp\/v2\/posts\/13051\/revisions"}],"predecessor-version":[{"id":13052,"href":"https:\/\/www.lasoci.org\/es\/wp-json\/wp\/v2\/posts\/13051\/revisions\/13052"}],"wp:featuredmedia":[{"embeddable":true,"href":"https:\/\/www.lasoci.org\/es\/wp-json\/wp\/v2\/media\/13048"}],"wp:attachment":[{"href":"https:\/\/www.lasoci.org\/es\/wp-json\/wp\/v2\/media?parent=13051"}],"wp:term":[{"taxonomy":"category","embeddable":true,"href":"https:\/\/www.lasoci.org\/es\/wp-json\/wp\/v2\/categories?post=13051"},{"taxonomy":"post_tag","embeddable":true,"href":"https:\/\/www.lasoci.org\/es\/wp-json\/wp\/v2\/tags?post=13051"}],"curies":[{"name":"wp","href":"https:\/\/api.w.org\/{rel}","templated":true}]}}