{"id":13020,"date":"2023-01-28T08:30:00","date_gmt":"2023-01-28T07:30:00","guid":{"rendered":"https:\/\/www.lasoci.org\/?p=13020"},"modified":"2023-02-02T19:51:42","modified_gmt":"2023-02-02T18:51:42","slug":"taller-de-costura-para-reciclar-ropa","status":"publish","type":"post","link":"https:\/\/www.lasoci.org\/es\/taller-de-costura-para-reciclar-ropa\/","title":{"rendered":"TALLER DE COSTURA PARA RECICLAR ROPA"},"content":{"rendered":"\n<p>\u00a1Ag\u00e9ndate el 08 de febrero! Aprender\u00e1s costura pr\u00e1ctica para reaprovechar ropa. \u00a1\u00a1\u00a1Tal como lo lees!!!<\/p>\n\n\n\n<p>&nbsp;&nbsp;&nbsp;&nbsp;&nbsp;&nbsp;&nbsp;&nbsp;&nbsp; \u00bfQu\u00e9 haremos? Por ejemplo, te proponemos coser una chaqueta nueva, a partir de una chaqueta antigua o peque\u00f1a&#8230;<\/p>\n\n\n\n<p>&nbsp;&nbsp;&nbsp;&nbsp;&nbsp;&nbsp;&nbsp;&nbsp;&nbsp; Eso s\u00ed, tendr\u00e1s que llevar ropa que ya no utilizas, pero a la que quieres darle una segunda vida: una chaqueta vieja, una camisa gruesa, un jersey de punto, fular o bufanda de punto.<\/p>\n\n\n\n<p>&nbsp;&nbsp;&nbsp;&nbsp;&nbsp;&nbsp;&nbsp;&nbsp;&nbsp; Instrumentos, que tambi\u00e9n debes llevar: dedal, hilo (del color de la ropa que traigas), tijeras, cinta m\u00e9trica, yeso, agujas de cabeza y aguja.<\/p>\n\n\n\n<p>DIAS: 8, 15, 22 de febrero y 1 de marzo.<\/p>\n\n\n\n<p>HORA: de 10:30 a 12:30 horas.<\/p>\n\n\n\n<p>LUGAR: Sede Social (calle Sardenya, 521-523) de Barcelona.<\/p>\n\n\n\n<p>INSCRIPCI\u00d3N ENLLACE: <a href=\"https:\/\/www.lasoci.org\/es\/que-hacemos\/evento\/?idesd=000003350044751\">https:\/\/www.lasoci.org\/que-fem\/esdeveniment\/?idesd=000003350044751<\/a><\/p>\n","protected":false},"excerpt":{"rendered":"<p>\u00a1Ag\u00e9ndate el 08 de febrero! Aprender\u00e1s costura pr\u00e1ctica para reaprovechar ropa. \u00a1\u00a1\u00a1Tal como lo lees!!! &nbsp;&nbsp;&nbsp;&nbsp;&nbsp;&nbsp;&nbsp;&nbsp;&nbsp; \u00bfQu\u00e9 haremos? Por ejemplo, te proponemos coser una chaqueta nueva, a partir de una chaqueta antigua o peque\u00f1a&#8230; &nbsp;&nbsp;&nbsp;&nbsp;&nbsp;&nbsp;&nbsp;&nbsp;&nbsp; Eso s\u00ed, tendr\u00e1s que llevar ropa que ya no utilizas, pero a la que quieres darle una segunda vida: una&#8230;<\/p>\n","protected":false},"author":4,"featured_media":13017,"comment_status":"closed","ping_status":"closed","sticky":false,"template":"","format":"standard","meta":{"footnotes":""},"categories":[49],"tags":[],"class_list":["post-13020","post","type-post","status-publish","format-standard","has-post-thumbnail","hentry","category-asociacion"],"_links":{"self":[{"href":"https:\/\/www.lasoci.org\/es\/wp-json\/wp\/v2\/posts\/13020","targetHints":{"allow":["GET"]}}],"collection":[{"href":"https:\/\/www.lasoci.org\/es\/wp-json\/wp\/v2\/posts"}],"about":[{"href":"https:\/\/www.lasoci.org\/es\/wp-json\/wp\/v2\/types\/post"}],"author":[{"embeddable":true,"href":"https:\/\/www.lasoci.org\/es\/wp-json\/wp\/v2\/users\/4"}],"replies":[{"embeddable":true,"href":"https:\/\/www.lasoci.org\/es\/wp-json\/wp\/v2\/comments?post=13020"}],"version-history":[{"count":3,"href":"https:\/\/www.lasoci.org\/es\/wp-json\/wp\/v2\/posts\/13020\/revisions"}],"predecessor-version":[{"id":13046,"href":"https:\/\/www.lasoci.org\/es\/wp-json\/wp\/v2\/posts\/13020\/revisions\/13046"}],"wp:featuredmedia":[{"embeddable":true,"href":"https:\/\/www.lasoci.org\/es\/wp-json\/wp\/v2\/media\/13017"}],"wp:attachment":[{"href":"https:\/\/www.lasoci.org\/es\/wp-json\/wp\/v2\/media?parent=13020"}],"wp:term":[{"taxonomy":"category","embeddable":true,"href":"https:\/\/www.lasoci.org\/es\/wp-json\/wp\/v2\/categories?post=13020"},{"taxonomy":"post_tag","embeddable":true,"href":"https:\/\/www.lasoci.org\/es\/wp-json\/wp\/v2\/tags?post=13020"}],"curies":[{"name":"wp","href":"https:\/\/api.w.org\/{rel}","templated":true}]}}