{"id":13014,"date":"2023-01-27T08:30:00","date_gmt":"2023-01-27T07:30:00","guid":{"rendered":"https:\/\/www.lasoci.org\/?p=13014"},"modified":"2023-01-24T18:22:58","modified_gmt":"2023-01-24T17:22:58","slug":"taller-online-de-iniciacion-en-mindfulness","status":"publish","type":"post","link":"https:\/\/www.lasoci.org\/es\/taller-online-de-iniciacion-en-mindfulness\/","title":{"rendered":"TALLER ONLINE DE INICIACI\u00d3N EN MINDFULNESS"},"content":{"rendered":"\n<p>\u00bfQu\u00e9 es?&#8230; El Mindfulness es la focalizaci\u00f3n de la atenci\u00f3n en el momento presente, es un m\u00e9todo para conseguir la atenci\u00f3n plena, centr\u00e1ndonos en lo que est\u00e1 sucediendo \u00abaqu\u00ed y ahora\u00bb, acept\u00e1ndolo sin m\u00e1s, sin intentar cambiar ni juzgar nada. Su significado es plena conciencia.<\/p>\n\n\n\n<p>&nbsp;&nbsp;&nbsp;&nbsp;&nbsp;&nbsp;&nbsp;&nbsp;&nbsp; Te ofrecemos este taller de 4 clases online para integrar esta herramienta en su d\u00eda a d\u00eda.<\/p>\n\n\n\n<p>&nbsp;&nbsp;&nbsp;&nbsp;&nbsp;&nbsp;&nbsp;&nbsp;&nbsp; Imparte la diplomada en el \u2018M\u00e9todo Silva\u2019, Marga Marimon ha sido alumna de Josep Mir Rocafort y de Joe Dispenza. Desde muy joven ha practicado la meditaci\u00f3n trascendental (Maharishi Mahesh Yogi), la meditaci\u00f3n vipassana (en la Casa del T\u00edbet de Barcelona) y la meditaci\u00f3n zen. Marga ha aprendido la t\u00e9cnica de \u00abvisualizaci\u00f3n creativa\u00bb y la \u00abmeditaci\u00f3n guiada\u00bb, y ha practicado yoga, taich\u00ed y txikung.<\/p>\n\n\n\n<p>DIAS: 6, 13, 20 y 27 de febrero y 6 de marzo.<\/p>\n\n\n\n<p>HORA: de 18:30 a 19:15 horas.<\/p>\n\n\n\n<p>\u00bfC\u00d3MO SEGUIRLO? V\u00eda online a trav\u00e9s de la plataforma ZOOM.<\/p>\n","protected":false},"excerpt":{"rendered":"<p>\u00bfQu\u00e9 es?&#8230; El Mindfulness es la focalizaci\u00f3n de la atenci\u00f3n en el momento presente, es un m\u00e9todo para conseguir la atenci\u00f3n plena, centr\u00e1ndonos en lo que est\u00e1 sucediendo \u00abaqu\u00ed y ahora\u00bb, acept\u00e1ndolo sin m\u00e1s, sin intentar cambiar ni juzgar nada. Su significado es plena conciencia. &nbsp;&nbsp;&nbsp;&nbsp;&nbsp;&nbsp;&nbsp;&nbsp;&nbsp; Te ofrecemos este taller de 4 clases online para&#8230;<\/p>\n","protected":false},"author":4,"featured_media":13011,"comment_status":"closed","ping_status":"closed","sticky":false,"template":"","format":"standard","meta":{"footnotes":""},"categories":[49],"tags":[],"class_list":["post-13014","post","type-post","status-publish","format-standard","has-post-thumbnail","hentry","category-asociacion"],"_links":{"self":[{"href":"https:\/\/www.lasoci.org\/es\/wp-json\/wp\/v2\/posts\/13014","targetHints":{"allow":["GET"]}}],"collection":[{"href":"https:\/\/www.lasoci.org\/es\/wp-json\/wp\/v2\/posts"}],"about":[{"href":"https:\/\/www.lasoci.org\/es\/wp-json\/wp\/v2\/types\/post"}],"author":[{"embeddable":true,"href":"https:\/\/www.lasoci.org\/es\/wp-json\/wp\/v2\/users\/4"}],"replies":[{"embeddable":true,"href":"https:\/\/www.lasoci.org\/es\/wp-json\/wp\/v2\/comments?post=13014"}],"version-history":[{"count":1,"href":"https:\/\/www.lasoci.org\/es\/wp-json\/wp\/v2\/posts\/13014\/revisions"}],"predecessor-version":[{"id":13015,"href":"https:\/\/www.lasoci.org\/es\/wp-json\/wp\/v2\/posts\/13014\/revisions\/13015"}],"wp:featuredmedia":[{"embeddable":true,"href":"https:\/\/www.lasoci.org\/es\/wp-json\/wp\/v2\/media\/13011"}],"wp:attachment":[{"href":"https:\/\/www.lasoci.org\/es\/wp-json\/wp\/v2\/media?parent=13014"}],"wp:term":[{"taxonomy":"category","embeddable":true,"href":"https:\/\/www.lasoci.org\/es\/wp-json\/wp\/v2\/categories?post=13014"},{"taxonomy":"post_tag","embeddable":true,"href":"https:\/\/www.lasoci.org\/es\/wp-json\/wp\/v2\/tags?post=13014"}],"curies":[{"name":"wp","href":"https:\/\/api.w.org\/{rel}","templated":true}]}}