{"id":13007,"date":"2023-01-25T08:30:00","date_gmt":"2023-01-25T07:30:00","guid":{"rendered":"https:\/\/www.lasoci.org\/?p=13007"},"modified":"2023-01-24T18:19:02","modified_gmt":"2023-01-24T17:19:02","slug":"taller-presencial-para-fotografos-con-el-movil","status":"publish","type":"post","link":"https:\/\/www.lasoci.org\/es\/taller-presencial-para-fotografos-con-el-movil\/","title":{"rendered":"Taller presencial para fot\u00f3grafos con el m\u00f3vil"},"content":{"rendered":"\n<p>Todos llevamos el m\u00f3vil en el bolsillo o en el bolso, y el m\u00f3vil lleva aplicada una c\u00e1mara de calidad que nos permite captar cualquiera la instant\u00e1nea resultado de ese momento de inspiraci\u00f3n\u2026<\/p>\n\n\n\n<p>&nbsp;&nbsp;&nbsp;&nbsp;&nbsp;&nbsp;&nbsp;&nbsp;&nbsp; Pues bien, en el TALLER PRESENCIAL DE FOTOGRAF\u00cdA CON EL M\u00d3VIL trataremos de las caracter\u00edsticas, particularidades y posibilidades que nos ofrece nuestra c\u00e1mara del m\u00f3vil para tomar las mejores fotograf\u00edas.<\/p>\n\n\n\n<p>&nbsp;&nbsp;&nbsp;&nbsp;&nbsp;&nbsp;&nbsp;&nbsp;&nbsp; Se trata de optimizar el uso de la c\u00e1mara del m\u00f3vil para tomar unas fotograf\u00edas cuidadosas y espectaculares. Tambi\u00e9n repasaremos las diferentes funcionalidades para gestionar y compartir las fotograf\u00edas y, en definitiva, sacar el m\u00e1ximo provecho de nuestra c\u00e1mara.<\/p>\n\n\n\n<p>&nbsp;&nbsp;&nbsp;&nbsp;&nbsp;&nbsp;&nbsp;&nbsp;&nbsp; Imparte el taller, nuestro compa\u00f1ero y experto fot\u00f3grafo, <strong>Tom\u00e0s Llompoart<\/strong>, delegado de Fotograf\u00eda Barcelona y secretario del Concurso de Fotograf\u00eda 2022, con una dilatada trayectoria y una obra acumulada que se puede consultar en https:\/\/tomasllompart.com\/inici.<\/p>\n\n\n\n<p>DIAS: 7, 14 y 21 de febrero.<\/p>\n\n\n\n<p>HORA: de 11:00 a 13:00 horas.<\/p>\n\n\n\n<p>LUGAR: Sede social (calle Cerde\u00f1a, 521-523) de Barcelona<\/p>\n","protected":false},"excerpt":{"rendered":"<p>Todos llevamos el m\u00f3vil en el bolsillo o en el bolso, y el m\u00f3vil lleva aplicada una c\u00e1mara de calidad que nos permite captar cualquiera la instant\u00e1nea resultado de ese momento de inspiraci\u00f3n\u2026 &nbsp;&nbsp;&nbsp;&nbsp;&nbsp;&nbsp;&nbsp;&nbsp;&nbsp; Pues bien, en el TALLER PRESENCIAL DE FOTOGRAF\u00cdA CON EL M\u00d3VIL trataremos de las caracter\u00edsticas, particularidades y posibilidades que nos ofrece&#8230;<\/p>\n","protected":false},"author":4,"featured_media":13004,"comment_status":"closed","ping_status":"closed","sticky":false,"template":"","format":"standard","meta":{"footnotes":""},"categories":[49],"tags":[],"class_list":["post-13007","post","type-post","status-publish","format-standard","has-post-thumbnail","hentry","category-asociacion"],"_links":{"self":[{"href":"https:\/\/www.lasoci.org\/es\/wp-json\/wp\/v2\/posts\/13007","targetHints":{"allow":["GET"]}}],"collection":[{"href":"https:\/\/www.lasoci.org\/es\/wp-json\/wp\/v2\/posts"}],"about":[{"href":"https:\/\/www.lasoci.org\/es\/wp-json\/wp\/v2\/types\/post"}],"author":[{"embeddable":true,"href":"https:\/\/www.lasoci.org\/es\/wp-json\/wp\/v2\/users\/4"}],"replies":[{"embeddable":true,"href":"https:\/\/www.lasoci.org\/es\/wp-json\/wp\/v2\/comments?post=13007"}],"version-history":[{"count":1,"href":"https:\/\/www.lasoci.org\/es\/wp-json\/wp\/v2\/posts\/13007\/revisions"}],"predecessor-version":[{"id":13008,"href":"https:\/\/www.lasoci.org\/es\/wp-json\/wp\/v2\/posts\/13007\/revisions\/13008"}],"wp:featuredmedia":[{"embeddable":true,"href":"https:\/\/www.lasoci.org\/es\/wp-json\/wp\/v2\/media\/13004"}],"wp:attachment":[{"href":"https:\/\/www.lasoci.org\/es\/wp-json\/wp\/v2\/media?parent=13007"}],"wp:term":[{"taxonomy":"category","embeddable":true,"href":"https:\/\/www.lasoci.org\/es\/wp-json\/wp\/v2\/categories?post=13007"},{"taxonomy":"post_tag","embeddable":true,"href":"https:\/\/www.lasoci.org\/es\/wp-json\/wp\/v2\/tags?post=13007"}],"curies":[{"name":"wp","href":"https:\/\/api.w.org\/{rel}","templated":true}]}}