{"id":12993,"date":"2023-01-24T08:30:00","date_gmt":"2023-01-24T07:30:00","guid":{"rendered":"https:\/\/www.lasoci.org\/?p=12993"},"modified":"2023-01-23T21:22:29","modified_gmt":"2023-01-23T20:22:29","slug":"el-11-de-febrero-la-soci-juega-en-valencia","status":"publish","type":"post","link":"https:\/\/www.lasoci.org\/es\/el-11-de-febrero-la-soci-juega-en-valencia\/","title":{"rendered":"\u00a1El 11 de febrero, la Soci &#8216;juega&#8217; en Valencia!"},"content":{"rendered":"\n<p>El s\u00e1bado <strong>11 de febrero, a las 17.00 horas<\/strong>, no te pierdas <strong>\u2018El se\u00f1or de las bicis\u2019<\/strong>, de Fidel Rodr\u00edguez, interpretada por la compa\u00f1\u00eda La Teatral de la secci\u00f3n Teatre Barcelona.<\/p>\n\n\n\n<p>&nbsp;&nbsp;&nbsp;&nbsp;&nbsp;&nbsp;&nbsp;&nbsp;&nbsp; La obra es una amable contemplaci\u00f3n de los nuevos problemas que van surgiendo con el alargamiento de la vida humana: entre otros, el leg\u00edtimo derecho de cada persona de la llamada tercera edad que, carente de relaci\u00f3n amorosa o de pareja, quiera rehacer su vida sentimental dejando a un lado la opini\u00f3n o la oposici\u00f3n de hijos, hermanos u otra familia para, en definitiva, ser feliz. Todo ello explicado en clave de buen humor.<\/p>\n\n\n\n<p><strong>CaixaForum Valencia<\/strong><\/p>\n\n\n\n<p>La funci\u00f3n tendr\u00e1 lugar en <strong>CaixaForum Valencia<\/strong> (Eduardo Primo Y\u00fafera, 1A), y est\u00e1 abierta a empleados\/as de CaixaBank y la Fundaci\u00f3n \u00abla Caixa\u00bb (asociados\/as o no), y sus familiares.<\/p>\n\n\n\n<p><strong>Dar a conocer a la Soci<\/strong><\/p>\n\n\n\n<p>Uno de los objetivos del acto, es dar a conocer a la Asociaci\u00f3n del Personal entre todos los compa\u00f1eros y compa\u00f1eras de CaixaBank y la Fundaci\u00f3n \u201cla Caixa\u201d que todav\u00eda no son de los nuestros.<\/p>\n\n\n\n<p>&nbsp;&nbsp;&nbsp;&nbsp;&nbsp;&nbsp;&nbsp;&nbsp;&nbsp; Por tanto, si eres miembro de la Asociaci\u00f3n del Personal de \u00abla Caixa\u00bb, recuerda acceder a nuestra web con tu usuario y contrase\u00f1a para inscribirte en el evento como asociado, asociada o familiar beneficiario, y poder apuntar acompa\u00f1antes no miembros de la Soci.<\/p>\n","protected":false},"excerpt":{"rendered":"<p>El s\u00e1bado 11 de febrero, a las 17.00 horas, no te pierdas \u2018El se\u00f1or de las bicis\u2019, de Fidel Rodr\u00edguez, interpretada por la compa\u00f1\u00eda La Teatral de la secci\u00f3n Teatre Barcelona. &nbsp;&nbsp;&nbsp;&nbsp;&nbsp;&nbsp;&nbsp;&nbsp;&nbsp; La obra es una amable contemplaci\u00f3n de los nuevos problemas que van surgiendo con el alargamiento de la vida humana: entre otros, el&#8230;<\/p>\n","protected":false},"author":4,"featured_media":12994,"comment_status":"closed","ping_status":"closed","sticky":false,"template":"","format":"standard","meta":{"footnotes":""},"categories":[49],"tags":[],"class_list":["post-12993","post","type-post","status-publish","format-standard","has-post-thumbnail","hentry","category-asociacion"],"_links":{"self":[{"href":"https:\/\/www.lasoci.org\/es\/wp-json\/wp\/v2\/posts\/12993","targetHints":{"allow":["GET"]}}],"collection":[{"href":"https:\/\/www.lasoci.org\/es\/wp-json\/wp\/v2\/posts"}],"about":[{"href":"https:\/\/www.lasoci.org\/es\/wp-json\/wp\/v2\/types\/post"}],"author":[{"embeddable":true,"href":"https:\/\/www.lasoci.org\/es\/wp-json\/wp\/v2\/users\/4"}],"replies":[{"embeddable":true,"href":"https:\/\/www.lasoci.org\/es\/wp-json\/wp\/v2\/comments?post=12993"}],"version-history":[{"count":1,"href":"https:\/\/www.lasoci.org\/es\/wp-json\/wp\/v2\/posts\/12993\/revisions"}],"predecessor-version":[{"id":12996,"href":"https:\/\/www.lasoci.org\/es\/wp-json\/wp\/v2\/posts\/12993\/revisions\/12996"}],"wp:featuredmedia":[{"embeddable":true,"href":"https:\/\/www.lasoci.org\/es\/wp-json\/wp\/v2\/media\/12994"}],"wp:attachment":[{"href":"https:\/\/www.lasoci.org\/es\/wp-json\/wp\/v2\/media?parent=12993"}],"wp:term":[{"taxonomy":"category","embeddable":true,"href":"https:\/\/www.lasoci.org\/es\/wp-json\/wp\/v2\/categories?post=12993"},{"taxonomy":"post_tag","embeddable":true,"href":"https:\/\/www.lasoci.org\/es\/wp-json\/wp\/v2\/tags?post=12993"}],"curies":[{"name":"wp","href":"https:\/\/api.w.org\/{rel}","templated":true}]}}