{"id":12978,"date":"2023-01-19T08:30:00","date_gmt":"2023-01-19T07:30:00","guid":{"rendered":"https:\/\/www.lasoci.org\/?p=12978"},"modified":"2023-01-18T20:35:59","modified_gmt":"2023-01-18T19:35:59","slug":"25-e-madrid-sevilla-valencia-y-barcelona","status":"publish","type":"post","link":"https:\/\/www.lasoci.org\/es\/25-e-madrid-sevilla-valencia-y-barcelona\/","title":{"rendered":"25-E: Madrid, Sevilla, Valencia y Barcelona&#8230;"},"content":{"rendered":"\n<p>\u00a1Agenda el 25-E! Si sois de Madrid, Sevilla, Valencia o Barcelona, sois afortunados porque le hemos montado una actividad cultural, abierta a todos los compa\u00f1eros y compa\u00f1eras.<\/p>\n\n\n\n<p>&nbsp;&nbsp;&nbsp;&nbsp;&nbsp;&nbsp;&nbsp;&nbsp;&nbsp; \u00a1La idea es hacerlas coincidir todas al mismo d\u00eda, para darle un verdadero sentido 100 x 100 Soci! As\u00ed pues, apunte:<\/p>\n\n\n\n<p><strong>Visitas guiadas<\/strong><\/p>\n\n\n\n<p><strong>MADRID<\/strong><\/p>\n\n\n\n<p>Visita guiada a la ciudad de los Austrias, que empezar\u00e1 a las 10.30h en la Puerta del Sol (en la estatua del Oso y el Madro\u00f1o).<\/p>\n\n\n\n<p><strong>SEVILLA<\/strong><\/p>\n\n\n\n<p>Visita guiada a la ciudad de &#8216;sabor especial&#8217;, tradiciones y leyendas, que empezar\u00e1 a las 10.30h en los Jardines de Murillo (en el monumento a Crist\u00f3bal Col\u00f3n).<\/p>\n\n\n\n<p><strong>VALENCIA<\/strong><\/p>\n\n\n\n<p>Visita guiada a la ciudad Romana del Turia, que empezar\u00e1 a las 10.30h en las Torres de Serrano.<\/p>\n\n\n\n<p><strong>BARCELONA<\/strong><\/p>\n\n\n\n<p>Visita guiada por el barrio de Sarri\u00e0, para conocer su historia y los rincones m\u00e1s \u00edntimos, que empezar\u00e1 a las 10.30h en un lugar a\u00fan por definir.<\/p>\n\n\n\n<p><strong>\u00a1D\u00eda Soci en todas partes!<\/strong><\/p>\n\n\n\n<p>\u00abLa intenci\u00f3n es marcarnos unas fechas del calendario como \u2018D\u00eda Soci\u2019 para montar actividades simult\u00e1neas en diferentes ciudades del mapa asociativo\u00bb, explican desde la organizaci\u00f3n.<\/p>\n\n\n\n<p>&nbsp;&nbsp;&nbsp;&nbsp;&nbsp;&nbsp;&nbsp;&nbsp;&nbsp; De momento, estas cinco ciudades marcan el punto de partida, pero la intenci\u00f3n es que el \u2018D\u00eda Soci\u2019, \u00a1llegue a todas partes!<\/p>\n\n\n\n<p><strong>\u00a1Ap\u00fantate!<\/strong><\/p>\n\n\n\n<p>Todas las salidas ser\u00e1n por la ma\u00f1ana y para apuntarse s\u00f3lo tiene que entrar en nuestra web.<\/p>\n","protected":false},"excerpt":{"rendered":"<p>\u00a1Agenda el 25-E! Si sois de Madrid, Sevilla, Valencia o Barcelona, sois afortunados porque le hemos montado una actividad cultural, abierta a todos los compa\u00f1eros y compa\u00f1eras. &nbsp;&nbsp;&nbsp;&nbsp;&nbsp;&nbsp;&nbsp;&nbsp;&nbsp; \u00a1La idea es hacerlas coincidir todas al mismo d\u00eda, para darle un verdadero sentido 100 x 100 Soci! As\u00ed pues, apunte: Visitas guiadas MADRID Visita guiada a&#8230;<\/p>\n","protected":false},"author":4,"featured_media":12975,"comment_status":"closed","ping_status":"closed","sticky":false,"template":"","format":"standard","meta":{"footnotes":""},"categories":[49],"tags":[],"class_list":["post-12978","post","type-post","status-publish","format-standard","has-post-thumbnail","hentry","category-asociacion"],"_links":{"self":[{"href":"https:\/\/www.lasoci.org\/es\/wp-json\/wp\/v2\/posts\/12978","targetHints":{"allow":["GET"]}}],"collection":[{"href":"https:\/\/www.lasoci.org\/es\/wp-json\/wp\/v2\/posts"}],"about":[{"href":"https:\/\/www.lasoci.org\/es\/wp-json\/wp\/v2\/types\/post"}],"author":[{"embeddable":true,"href":"https:\/\/www.lasoci.org\/es\/wp-json\/wp\/v2\/users\/4"}],"replies":[{"embeddable":true,"href":"https:\/\/www.lasoci.org\/es\/wp-json\/wp\/v2\/comments?post=12978"}],"version-history":[{"count":1,"href":"https:\/\/www.lasoci.org\/es\/wp-json\/wp\/v2\/posts\/12978\/revisions"}],"predecessor-version":[{"id":12979,"href":"https:\/\/www.lasoci.org\/es\/wp-json\/wp\/v2\/posts\/12978\/revisions\/12979"}],"wp:featuredmedia":[{"embeddable":true,"href":"https:\/\/www.lasoci.org\/es\/wp-json\/wp\/v2\/media\/12975"}],"wp:attachment":[{"href":"https:\/\/www.lasoci.org\/es\/wp-json\/wp\/v2\/media?parent=12978"}],"wp:term":[{"taxonomy":"category","embeddable":true,"href":"https:\/\/www.lasoci.org\/es\/wp-json\/wp\/v2\/categories?post=12978"},{"taxonomy":"post_tag","embeddable":true,"href":"https:\/\/www.lasoci.org\/es\/wp-json\/wp\/v2\/tags?post=12978"}],"curies":[{"name":"wp","href":"https:\/\/api.w.org\/{rel}","templated":true}]}}