{"id":12934,"date":"2023-01-13T08:30:00","date_gmt":"2023-01-13T07:30:00","guid":{"rendered":"https:\/\/www.lasoci.org\/?p=12934"},"modified":"2023-01-05T18:22:30","modified_gmt":"2023-01-05T17:22:30","slug":"ciclo-de-conferencias-sobre-historia-del-arte","status":"publish","type":"post","link":"https:\/\/www.lasoci.org\/es\/ciclo-de-conferencias-sobre-historia-del-arte\/","title":{"rendered":"Ciclo de conferencias sobre Historia del Arte"},"content":{"rendered":"\n<p>La secci\u00f3n Historia Barcelona sigue con su interesante ciclo sobre Historia del Arte, impartido por la profesora Carmen Vivas. La segunda sesi\u00f3n vers\u00f3 sobre el legado urban\u00edstico de la antigua Roma. Nos lo cuenta, de pe a pa, la delegada de la secci\u00f3n barcelonesa, <strong>Roser P\u00e1ez<\/strong>:<\/p>\n\n\n\n<p>&nbsp;&nbsp;&nbsp;&nbsp;&nbsp;&nbsp;&nbsp;&nbsp;&nbsp; Si la primera conferencia del ciclo vers\u00f3 sobre <strong><em>El concepto de la belleza en la antigua Grecia<\/em><\/strong>, en la siguiente sesi\u00f3n tuvimos la oportunidad de recrearnos con relaci\u00f3n a <strong><em>Las grandes obras y el urbanismo del legado del imperio romano.<\/em><\/strong><\/p>\n\n\n\n<p>&nbsp;&nbsp;&nbsp;&nbsp;&nbsp;&nbsp;&nbsp;&nbsp;&nbsp; Durante la conferencia, repasamos algunas de las manifestaciones art\u00edsticas m\u00e1s relevantes. Obras arquitect\u00f3nicas y de ingenier\u00eda construidas por todo el territorio del vasto imperio. Obra civil representada por la extensa red de caminos, puentes y acueductos, muchos de los cuales perduran hasta nuestros d\u00edas: bas\u00edlicas (amplio espacio cerrado ubicado en los foros de las ciudades importantes, donde se realizaban actividades judiciales y comerciales. Despu\u00e9s de la ca\u00edda del imperio romano, esta tipolog\u00eda dar\u00e1 lugar a las iglesias cristianas) circos, termas y arcos de triunfo.<\/p>\n\n\n\n<p>&nbsp;&nbsp;&nbsp;&nbsp;&nbsp;&nbsp;&nbsp;&nbsp;&nbsp; Tanto el arte como la cultura romana recibieron la influencia de la civilizaci\u00f3n etrusca y griega. Muchos de los artistas que trabajaban en Roma eran griegos y los coleccionistas adquir\u00edan o hac\u00edan copiar esculturas de ese origen. Pioneros en la utilizaci\u00f3n del arco de medio punto y como derivaci\u00f3n, la b\u00f3veda de ca\u00f1\u00f3n corrido y la c\u00fapula.<\/p>\n\n\n\n<p>&nbsp;&nbsp;&nbsp;&nbsp;&nbsp;&nbsp;&nbsp;&nbsp;&nbsp; Carmina Vivas nos aleccion\u00f3 sobre el m\u00e1ximo esplendor de esta civilizaci\u00f3n que recay\u00f3 bajo el reinado de Augusto, en el a\u00f1o 27 a.C. del cual pudimos ver proyectada una escultura en su honor, reconstruida en policrom\u00eda, como era originariamente y que el paso del tiempo ha provocado la p\u00e9rdida de color, lo que sin duda nos sorprende todav\u00eda.&nbsp;<\/p>\n\n\n\n<p>&nbsp;&nbsp;&nbsp;&nbsp;&nbsp;&nbsp;&nbsp;&nbsp;&nbsp; Tambi\u00e9n nos mostr\u00f3 el empleo del hormig\u00f3n en algunas construcciones y la incorporaci\u00f3n del dise\u00f1o de amplios espacios interiores. Entre ellos las <strong>domus romanas<\/strong>(casas de familias adineradas) y alguna reconstrucci\u00f3n de interiores.&nbsp;&nbsp;<\/p>\n\n\n\n<p>&nbsp;&nbsp;&nbsp;&nbsp;&nbsp;&nbsp;&nbsp;&nbsp;&nbsp; Una conferencia que nos ayud\u00f3 a entender la obra arquitect\u00f3nica y art\u00edstica de esta civilizaci\u00f3n cuyos vestigios conservamos todav\u00eda y que gracias a su estudio podemos llegar a comprender la importancia que tuvo, teniendo en cuenta que en el momento de m\u00e1xima expansi\u00f3n lleg\u00f3 a abarcar m\u00e1s de 7 millones de Kil\u00f3metros cuadrados, pues inclu\u00eda los territorios alrededor del mar Mediterr\u00e1neo, gran parte de Europa, hacia el norte, y parte de Asia menor, desde el Mar Negro hasta el r\u00edo Tigris en la Mesopotamia asi\u00e1tica.<\/p>\n","protected":false},"excerpt":{"rendered":"<p>La secci\u00f3n Historia Barcelona sigue con su interesante ciclo sobre Historia del Arte, impartido por la profesora Carmen Vivas. La segunda sesi\u00f3n vers\u00f3 sobre el legado urban\u00edstico de la antigua Roma. Nos lo cuenta, de pe a pa, la delegada de la secci\u00f3n barcelonesa, Roser P\u00e1ez: &nbsp;&nbsp;&nbsp;&nbsp;&nbsp;&nbsp;&nbsp;&nbsp;&nbsp; Si la primera conferencia del ciclo vers\u00f3 sobre&#8230;<\/p>\n","protected":false},"author":4,"featured_media":12931,"comment_status":"closed","ping_status":"closed","sticky":false,"template":"","format":"standard","meta":{"footnotes":""},"categories":[44],"tags":[],"class_list":["post-12934","post","type-post","status-publish","format-standard","has-post-thumbnail","hentry","category-cultura-es"],"_links":{"self":[{"href":"https:\/\/www.lasoci.org\/es\/wp-json\/wp\/v2\/posts\/12934","targetHints":{"allow":["GET"]}}],"collection":[{"href":"https:\/\/www.lasoci.org\/es\/wp-json\/wp\/v2\/posts"}],"about":[{"href":"https:\/\/www.lasoci.org\/es\/wp-json\/wp\/v2\/types\/post"}],"author":[{"embeddable":true,"href":"https:\/\/www.lasoci.org\/es\/wp-json\/wp\/v2\/users\/4"}],"replies":[{"embeddable":true,"href":"https:\/\/www.lasoci.org\/es\/wp-json\/wp\/v2\/comments?post=12934"}],"version-history":[{"count":1,"href":"https:\/\/www.lasoci.org\/es\/wp-json\/wp\/v2\/posts\/12934\/revisions"}],"predecessor-version":[{"id":12935,"href":"https:\/\/www.lasoci.org\/es\/wp-json\/wp\/v2\/posts\/12934\/revisions\/12935"}],"wp:featuredmedia":[{"embeddable":true,"href":"https:\/\/www.lasoci.org\/es\/wp-json\/wp\/v2\/media\/12931"}],"wp:attachment":[{"href":"https:\/\/www.lasoci.org\/es\/wp-json\/wp\/v2\/media?parent=12934"}],"wp:term":[{"taxonomy":"category","embeddable":true,"href":"https:\/\/www.lasoci.org\/es\/wp-json\/wp\/v2\/categories?post=12934"},{"taxonomy":"post_tag","embeddable":true,"href":"https:\/\/www.lasoci.org\/es\/wp-json\/wp\/v2\/tags?post=12934"}],"curies":[{"name":"wp","href":"https:\/\/api.w.org\/{rel}","templated":true}]}}