{"id":12598,"date":"2022-11-07T08:30:00","date_gmt":"2022-11-07T07:30:00","guid":{"rendered":"https:\/\/www.lasoci.org\/?p=12598"},"modified":"2022-11-05T08:56:53","modified_gmt":"2022-11-05T07:56:53","slug":"que-hacemos-semana-del-7-al-13-de-noviembre","status":"publish","type":"post","link":"https:\/\/www.lasoci.org\/es\/que-hacemos-semana-del-7-al-13-de-noviembre\/","title":{"rendered":"\u00bfQU\u00c9 HACEMOS?&#8230; SEMANA DEL 7 AL 13 de NOVIEMBRE"},"content":{"rendered":"\n<p>La semana del 7 al 13 de NOVIEMBRE, la AGENDA de la SOCI nos propone las siguientes actividades:<\/p>\n\n\n\n<p><strong>MARTES 8 de NOVIEMBRE<\/strong><\/p>\n\n\n\n<p>CAMINANTS BAGES-BERGUED\u00c0 convoca a sus componentes para tomar parte en la caminata por los Bosque del Sua\u00f1a, en Manresa. \u00a1Dan ganas de ir!<\/p>\n\n\n\n<p>GOLF GIRONA organiza la XII Jubilets Cup en el club Golf Costa Brava, de Santa Cristina de Aro<\/p>\n\n\n\n<p><strong>MI\u00c9RCOLES 9 de NOVIEMBRE<\/strong><\/p>\n\n\n\n<p>JOCS DE TAULA MALLORCA pone el tapete y abre las cartas para la disputa de la Liga Triple de Navidad del juego del Truc, que tendr\u00e1 lugar hasta el 16 de diciembre!<\/p>\n\n\n\n<p>SENDERISMO ALICANTE cita a su grupo para completar la ruta que sale del Santuario de la Font Roja de Alcoy, y siguiendo el sendero rojo por el Barranco del Infierno, llegar al Pla dels Gal\u00b7lers, desde donde se sigue ruta hasta el Mas de Tetu\u00e1n para, seguidamente, tomar el sendero que lleva hasta la Teixereta y despu\u00e9s al Menejador, para acabar bajando por el sendero de las Carboneres. \u00a1Para no perd\u00e9rsela!<\/p>\n\n\n\n<p><strong>JUEVES 10 de NOVIEMBRE<\/strong><\/p>\n\n\n\n<p>GOLF MENORCA convoca a sus jugadores para la disputa del Torneo Social de Oto\u00f1o, en su tercera ronda. Los partidos se pudieron jugar hasta el domingo.<\/p>\n\n\n\n<p><strong>VIERNES 11 de NOVIEMBRE<\/strong><\/p>\n\n\n\n<p>ACTIVIDAD SOCI: salida guiada al barrio del Raval de Barcelona, \u200b\u200buno de los cuatro que componen el distrito de Ciutat Vella y el m\u00e1s densamente poblado, multicultural y sorprendente&#8230;<\/p>\n\n\n\n<p><strong>S\u00c1BADO 12 de NOVIEMBRE<\/strong><\/p>\n\n\n\n<p>GASTRONOM\u00cdA MALLORCA organiza el Concurso Social de Arroces. \u00a1Riqu\u00edsimo!<\/p>\n\n\n\n<p>MONTA\u00d1A MADRID se marcha de excursi\u00f3n para visitar las joyas del Parque Nacional de Guadarrama, a trav\u00e9s de un recorrido sencillo y al alcance de todos de unos 10 km y no m\u00e1s de 500 metros de desnivel acumulado. La actividad es solidaria, puesto que los participantes podr\u00e1n aportar un donativo equivalente al coste de tres men\u00fas para un comedor social. \u00a1Vamos!<\/p>\n\n\n\n<p><strong>DOMINGO 13 de NOVIEMBRE<\/strong><\/p>\n\n\n\n<p>TRIATL\u00d3N Y FONDISTAS EUSKADI y TRIATL\u00d3 I FONDISTES BARCELONA se encontrar\u00e1n para participar en la cl\u00e1sica del calendario fondista como es la Behobia &#8211; San Sebasti\u00e1n, que celebrar\u00e1 su 57 edici\u00f3n. \u00a1\u00c1nimo!<\/p>\n\n\n\n<p>TRIATL\u00d3N Y FONDISTAS SEVILLA convoca a su gente para tomar parte en el Medio Marat\u00f3n Ciudad de M\u00e1laga, que empezar\u00e1 a las 9 horas y cubre una distancia de 21,097 km. \u00a1A por todas!<\/p>\n","protected":false},"excerpt":{"rendered":"<p>La semana del 7 al 13 de NOVIEMBRE, la AGENDA de la SOCI nos propone las siguientes actividades: MARTES 8 de NOVIEMBRE CAMINANTS BAGES-BERGUED\u00c0 convoca a sus componentes para tomar parte en la caminata por los Bosque del Sua\u00f1a, en Manresa. \u00a1Dan ganas de ir! GOLF GIRONA organiza la XII Jubilets Cup en el club&#8230;<\/p>\n","protected":false},"author":4,"featured_media":12300,"comment_status":"closed","ping_status":"closed","sticky":false,"template":"","format":"standard","meta":{"footnotes":""},"categories":[49],"tags":[],"class_list":["post-12598","post","type-post","status-publish","format-standard","has-post-thumbnail","hentry","category-asociacion"],"_links":{"self":[{"href":"https:\/\/www.lasoci.org\/es\/wp-json\/wp\/v2\/posts\/12598","targetHints":{"allow":["GET"]}}],"collection":[{"href":"https:\/\/www.lasoci.org\/es\/wp-json\/wp\/v2\/posts"}],"about":[{"href":"https:\/\/www.lasoci.org\/es\/wp-json\/wp\/v2\/types\/post"}],"author":[{"embeddable":true,"href":"https:\/\/www.lasoci.org\/es\/wp-json\/wp\/v2\/users\/4"}],"replies":[{"embeddable":true,"href":"https:\/\/www.lasoci.org\/es\/wp-json\/wp\/v2\/comments?post=12598"}],"version-history":[{"count":1,"href":"https:\/\/www.lasoci.org\/es\/wp-json\/wp\/v2\/posts\/12598\/revisions"}],"predecessor-version":[{"id":12599,"href":"https:\/\/www.lasoci.org\/es\/wp-json\/wp\/v2\/posts\/12598\/revisions\/12599"}],"wp:featuredmedia":[{"embeddable":true,"href":"https:\/\/www.lasoci.org\/es\/wp-json\/wp\/v2\/media\/12300"}],"wp:attachment":[{"href":"https:\/\/www.lasoci.org\/es\/wp-json\/wp\/v2\/media?parent=12598"}],"wp:term":[{"taxonomy":"category","embeddable":true,"href":"https:\/\/www.lasoci.org\/es\/wp-json\/wp\/v2\/categories?post=12598"},{"taxonomy":"post_tag","embeddable":true,"href":"https:\/\/www.lasoci.org\/es\/wp-json\/wp\/v2\/tags?post=12598"}],"curies":[{"name":"wp","href":"https:\/\/api.w.org\/{rel}","templated":true}]}}