{"id":12485,"date":"2022-10-24T08:30:00","date_gmt":"2022-10-24T06:30:00","guid":{"rendered":"https:\/\/www.lasoci.org\/?p=12485"},"modified":"2022-10-21T20:25:42","modified_gmt":"2022-10-21T18:25:42","slug":"que-hacemos-semana-del-23-al-30-de-octubre","status":"publish","type":"post","link":"https:\/\/www.lasoci.org\/es\/que-hacemos-semana-del-23-al-30-de-octubre\/","title":{"rendered":"\u00bfQU\u00c9 HACEMOS?&#8230; SEMANA DEL 23 AL 30 DE OCTUBRE"},"content":{"rendered":"\n<p>La semana del 23 al 30 de OCTUBRE, la AGENDA de la SOCI nos propone las siguientes actividades:<\/p>\n\n\n\n<p><strong>MARTES 25 de OCTUBRE<\/strong><\/p>\n\n\n\n<p>CAMINANTS BAGES-BERGUED\u00c0 convoca al grupo de caminantes para llevar a cabo la caminata nada menos que para subir todo un cl\u00e1sico del monta\u00f1ismo: el Puigsacalm. \u00a1Para no perd\u00e9rsela!<\/p>\n\n\n\n<p>HIST\u00d2RIA BARCELONA llevar\u00e1 a cabo la primera sesi\u00f3n del Ciclo de Historia del Arte, que concretamente tratar\u00e1 del tema: El concepto de \u2018belleza\u2019 en la Antigua Grecia. Cabe recordar que este cursillo pretende ser un breve repaso de los puntos destacados de la historia del arte Occidental, en sesiones mensuales de hora y media, en las que se ir\u00e1 hablando de los distintos estilos art\u00edsticos que han llenado de creatividad en los siglos de la historia europea. \u00a1Pinta interesante!<\/p>\n\n\n\n<p>PIRAG\u00dcISMO TENERIFE convoca a sus componentes para una salida en kayak de mar para remar y practicar las t\u00e9cnicas de paleo y autorrescate por la costa de Tabaiba.<\/p>\n\n\n\n<p><strong>MI\u00c9RCOLES 26 de OCTUBRE<\/strong><\/p>\n\n\n\n<p>EXCURSIONS I VISITES CULTURALS GIRONA convoca una caminata por la &#8216;m\u00edtica&#8217; Fageda d&#8217;en Jord\u00e0 y el volc\u00e1n del Croscat, a escoger entre dos recorridos: el corto, por la Fageda, y el m\u00e1s largo, que incluye Fageda y Croscat. \u00a1Me apunto!<\/p>\n\n\n\n<p>GASTRONOM\u00cdA BILBAO lleva a cabo una acci\u00f3n solidaria en la que los voluntarios de la secci\u00f3n preparan una cena con y para los residentes del albergue de la Asociaci\u00f3n San Nicol\u00e1s Zabalik, de Algorta-Getxo, recogiendo los alimentos cedidos por supermercados. \u00a1Bravo!<\/p>\n\n\n\n<p>GOLF LLEIDA es la anfitriona de la IX Copa Catalu\u00f1a de Golf 2022, que contar\u00e1 con la participaci\u00f3n de las secciones Golf Barcelona, \u200b\u200bGolf Girona, Golf Tarragona, adem\u00e1s de Golf Lleida. Puntuar\u00e1n las 7 mejores tarjetas de cada equipo, que estar\u00e1 formado por 10 jugadores, mientras que el resto de jugadores no relacionados, tanto asociados como beneficiarios, competir\u00e1n por los premios individuales.<\/p>\n\n\n\n<p>GOLF TENERIFE organiza el Torneo Social en el campo del club Costa Adeje, con la salida en el primer hoyo fijada para las 13.22 horas.<\/p>\n\n\n\n<p>ACTIVIDAD SOCI: Taller de Galletas de &#8216;Halloween&#8217;, divertid\u00edsimo para ni\u00f1os y ni\u00f1as que, durante una horita y media, decorar\u00e1n las galletas que se llevar\u00e1n a casa para endulzar la noche de &#8216;Halloween&#8217;&#8230;<\/p>\n\n\n\n<p><strong>JUEVES 27 de OCTUBRE<\/strong><\/p>\n\n\n\n<p>ACTIVIDAD SOCI: Excursi\u00f3n para visitar el Castillo de Pallargues y descubrir la historia de Mas de Colom &#8211; Casa Borges, que culminar\u00e1 con una exquisita cata de aceites y frutos secos de la tierra. \u00a1Vamos!<\/p>\n\n\n\n<p><strong>VIERNES 28 de OCTUBRE<\/strong><\/p>\n\n\n\n<p>CORAL BARCELONA y, m\u00e1s concretamente, su grupo &#8216;Llobarros Platejats&#8217; ofrecer\u00e1 una cantada de habaneras en Guissona, promovida por el Consorcio de Normalizaci\u00f3n Ling\u00fc\u00edstica de Lleida.<\/p>\n","protected":false},"excerpt":{"rendered":"<p>La semana del 23 al 30 de OCTUBRE, la AGENDA de la SOCI nos propone las siguientes actividades: MARTES 25 de OCTUBRE CAMINANTS BAGES-BERGUED\u00c0 convoca al grupo de caminantes para llevar a cabo la caminata nada menos que para subir todo un cl\u00e1sico del monta\u00f1ismo: el Puigsacalm. \u00a1Para no perd\u00e9rsela! HIST\u00d2RIA BARCELONA llevar\u00e1 a cabo&#8230;<\/p>\n","protected":false},"author":4,"featured_media":12300,"comment_status":"closed","ping_status":"closed","sticky":false,"template":"","format":"standard","meta":{"footnotes":""},"categories":[49],"tags":[],"class_list":["post-12485","post","type-post","status-publish","format-standard","has-post-thumbnail","hentry","category-asociacion"],"_links":{"self":[{"href":"https:\/\/www.lasoci.org\/es\/wp-json\/wp\/v2\/posts\/12485","targetHints":{"allow":["GET"]}}],"collection":[{"href":"https:\/\/www.lasoci.org\/es\/wp-json\/wp\/v2\/posts"}],"about":[{"href":"https:\/\/www.lasoci.org\/es\/wp-json\/wp\/v2\/types\/post"}],"author":[{"embeddable":true,"href":"https:\/\/www.lasoci.org\/es\/wp-json\/wp\/v2\/users\/4"}],"replies":[{"embeddable":true,"href":"https:\/\/www.lasoci.org\/es\/wp-json\/wp\/v2\/comments?post=12485"}],"version-history":[{"count":1,"href":"https:\/\/www.lasoci.org\/es\/wp-json\/wp\/v2\/posts\/12485\/revisions"}],"predecessor-version":[{"id":12486,"href":"https:\/\/www.lasoci.org\/es\/wp-json\/wp\/v2\/posts\/12485\/revisions\/12486"}],"wp:featuredmedia":[{"embeddable":true,"href":"https:\/\/www.lasoci.org\/es\/wp-json\/wp\/v2\/media\/12300"}],"wp:attachment":[{"href":"https:\/\/www.lasoci.org\/es\/wp-json\/wp\/v2\/media?parent=12485"}],"wp:term":[{"taxonomy":"category","embeddable":true,"href":"https:\/\/www.lasoci.org\/es\/wp-json\/wp\/v2\/categories?post=12485"},{"taxonomy":"post_tag","embeddable":true,"href":"https:\/\/www.lasoci.org\/es\/wp-json\/wp\/v2\/tags?post=12485"}],"curies":[{"name":"wp","href":"https:\/\/api.w.org\/{rel}","templated":true}]}}