{"id":12303,"date":"2022-10-03T08:30:00","date_gmt":"2022-10-03T06:30:00","guid":{"rendered":"https:\/\/www.lasoci.org\/?p=12303"},"modified":"2022-10-02T20:50:54","modified_gmt":"2022-10-02T18:50:54","slug":"que-hacemos-semana-del-3-al-9-de-octubre","status":"publish","type":"post","link":"https:\/\/www.lasoci.org\/es\/que-hacemos-semana-del-3-al-9-de-octubre\/","title":{"rendered":"\u00bfQU\u00c9 HACEMOS?&#8230; SEMANA DEL 3 AL 9 DE OCTUBRE"},"content":{"rendered":"\n<p>La semana del 2 al 9 de OCTUBRE, la AGENDA de la SOCI nos propone las siguientes actividades:<\/p>\n\n\n\n<p><strong>LUNES 3 de OCTUBRE<\/strong><\/p>\n\n\n\n<p>ACTIVIDAD SOCIAL: comienza el taller \u2018Aprende a moverte con el Pilates. Y es que cualquier persona puede beneficiarse de los aspectos saludables de la pr\u00e1ctica de esta t\u00e9cnica f\u00edsica, que pone \u00e9nfasis en la elasticidad. \u00a1Qu\u00e9 motivador!<\/p>\n\n\n\n<p>ENCUENTRO DE CAMINANTES Y SENDERISTAS en Lleida, organizado por la secci\u00f3n Caminants Lleida, que har\u00e1 de anfitriona a los compa\u00f1eros de todo el mundo que quieran participar en este encuentro que se alargar\u00e1 durante toda la semana.<\/p>\n\n\n\n<p><strong>MARTES 4 de OCTUBRE<\/strong><\/p>\n\n\n\n<p>PIRAG\u00dcISMO TENERIFE convoca a sus miembros para llevar a cabo una salida en kayak de mar. Ser\u00e1 por la costa de Tabaiba, con la idea de practicar t\u00e9cnicas de navegaci\u00f3n y paleo.<\/p>\n\n\n\n<p>CAMINANTS BAGES-BERGAD\u00c0 convoca a sus miembros a la salida que el grupo ha preparado para los bosques donde en el siglo XIX se escond\u00eda y actuaba el bandolero Serrallonga, en el municipio de Sant Hilari Sacalm.<\/p>\n\n\n\n<p>VELA Y MOTON\u00c1UTICA ASTURIAS llevar\u00e1 a cabo una actividad solidaria consistente en una salida en motos de agua con chicos y chicas de la asociaci\u00f3n PREDIF. \u00a1Esto es la Soci!<\/p>\n\n\n\n<p><strong>MI\u00c9RCOLES 5 de OCTUBRE<\/strong><\/p>\n\n\n\n<p>SENDERISMO ALICANTE cita a su grupo para completar la ruta Silla del Cid en la localidad de Petrer, de una duraci\u00f3n aproximada de cuatro horas. \u00a1Para no perd\u00e9rsela!<\/p>\n\n\n\n<p><strong>JUEVES 6 de OCTUBRE<\/strong><\/p>\n\n\n\n<p>HISTORIA MALLORCA organiza la excusi\u00f3n a Llucmajor &#8216;Cometagir\u00f3avi\u00f3n&#8217; para visionar el documental sobre el invento de Pere de Son Gall, precursor del helic\u00f3ptero. \u00a1Pinta interesante!<\/p>\n\n\n\n<p>CAMINANTES BARCELONA convoca al grupo para completar la salida a los Espacios Naturales del Delta del Llobregat.<\/p>\n\n\n\n<p><strong>VIERNES 7 de OCTUBRE<\/strong><\/p>\n\n\n\n<p>GOLF GIRONA organiza la s\u00e9ptima Jubilats Cup de Pitch&amp;Putt, en el club de Mas Pag\u00e8s.<\/p>\n\n\n\n<p><strong>S\u00c1BADO 8 de OCTUBRE<\/strong><\/p>\n\n\n\n<p>ACTIVIDADES SUBACU\u00c1TICAS VALENCIA organiza una salida a Benidorm para realizar inmersiones en diversos puntos seleccionados, con la colaboraci\u00f3n del Nissos Benidorm Dive Center. \u00bfTe apuntas?<\/p>\n\n\n\n<p><strong>DOMINGO 9 de OCTUBRE<\/strong><\/p>\n\n\n\n<p>TRIATL\u00d3N Y FONDISTAS SEVILLA convoca a sus triatletas para participar en el Trail Turdetania Guillena, una carrera que tiene lugar a trav\u00e9s de senderos, pistas forestales, cortafuegos&#8230; \u00a1Vamos!<\/p>\n","protected":false},"excerpt":{"rendered":"<p>La semana del 2 al 9 de OCTUBRE, la AGENDA de la SOCI nos propone las siguientes actividades: LUNES 3 de OCTUBRE ACTIVIDAD SOCIAL: comienza el taller \u2018Aprende a moverte con el Pilates. Y es que cualquier persona puede beneficiarse de los aspectos saludables de la pr\u00e1ctica de esta t\u00e9cnica f\u00edsica, que pone \u00e9nfasis en&#8230;<\/p>\n","protected":false},"author":4,"featured_media":12300,"comment_status":"closed","ping_status":"closed","sticky":false,"template":"","format":"standard","meta":{"footnotes":""},"categories":[49],"tags":[],"class_list":["post-12303","post","type-post","status-publish","format-standard","has-post-thumbnail","hentry","category-asociacion"],"_links":{"self":[{"href":"https:\/\/www.lasoci.org\/es\/wp-json\/wp\/v2\/posts\/12303","targetHints":{"allow":["GET"]}}],"collection":[{"href":"https:\/\/www.lasoci.org\/es\/wp-json\/wp\/v2\/posts"}],"about":[{"href":"https:\/\/www.lasoci.org\/es\/wp-json\/wp\/v2\/types\/post"}],"author":[{"embeddable":true,"href":"https:\/\/www.lasoci.org\/es\/wp-json\/wp\/v2\/users\/4"}],"replies":[{"embeddable":true,"href":"https:\/\/www.lasoci.org\/es\/wp-json\/wp\/v2\/comments?post=12303"}],"version-history":[{"count":1,"href":"https:\/\/www.lasoci.org\/es\/wp-json\/wp\/v2\/posts\/12303\/revisions"}],"predecessor-version":[{"id":12304,"href":"https:\/\/www.lasoci.org\/es\/wp-json\/wp\/v2\/posts\/12303\/revisions\/12304"}],"wp:featuredmedia":[{"embeddable":true,"href":"https:\/\/www.lasoci.org\/es\/wp-json\/wp\/v2\/media\/12300"}],"wp:attachment":[{"href":"https:\/\/www.lasoci.org\/es\/wp-json\/wp\/v2\/media?parent=12303"}],"wp:term":[{"taxonomy":"category","embeddable":true,"href":"https:\/\/www.lasoci.org\/es\/wp-json\/wp\/v2\/categories?post=12303"},{"taxonomy":"post_tag","embeddable":true,"href":"https:\/\/www.lasoci.org\/es\/wp-json\/wp\/v2\/tags?post=12303"}],"curies":[{"name":"wp","href":"https:\/\/api.w.org\/{rel}","templated":true}]}}