{"id":12285,"date":"2022-10-04T08:30:00","date_gmt":"2022-10-04T06:30:00","guid":{"rendered":"https:\/\/www.lasoci.org\/?p=12285"},"modified":"2022-09-30T16:25:24","modified_gmt":"2022-09-30T14:25:24","slug":"asturias-hace-sonar-los-motores-de-la-solidaridad","status":"publish","type":"post","link":"https:\/\/www.lasoci.org\/es\/asturias-hace-sonar-los-motores-de-la-solidaridad\/","title":{"rendered":"Asturias hace sonar los motores de la solidaridad"},"content":{"rendered":"\n<p>Karting Asturias comparte un rally de monta\u00f1a con j\u00f3venes discapacitados. \u00a1Lo volvieron a hacer! Karting Asturias es una secci\u00f3n que no desperdicia ninguna oportunidad para organizar actividades solidarias para ser compartidas con grupos de gente vulnerable o que necesitan m\u00e1s que otros que se les eche una mano.<\/p>\n\n\n\n<p>&nbsp;&nbsp;&nbsp;&nbsp;&nbsp;&nbsp;&nbsp;&nbsp;&nbsp; La \u00faltima experiencia de los colegas asturianos fue bastante sonada e incluso llam\u00f3 la atenci\u00f3n de la televisi\u00f3n auton\u00f3mica de Asturias, que les dedic\u00f3 un reportaje.<\/p>\n\n\n\n<p><strong>\u2018Buggies\u2019 y \u2018Quads\u2019<\/strong><\/p>\n\n\n\n<p>\u201cSe nos ocurri\u00f3 invitar a los amigos de ASPAYM para compartir una jornada de rallyes por la monta\u00f1a\u201d, explica uno de los componentes m\u00e1s activos en acciones solidarias de la secci\u00f3n asturiana, Jos\u00e9 Miguel Luque.<\/p>\n\n\n\n<p>&nbsp;&nbsp;&nbsp;&nbsp;&nbsp;&nbsp;&nbsp;&nbsp;&nbsp; Decir y hecho, Karting Asturias se encarg\u00f3 de todos los preparativos para alquilar una &#8216;escuder\u00eda&#8217; de &#8216;buggies&#8217; y de &#8216;quads&#8217;, es decir, de veh\u00edculos y motos de monta\u00f1a, para llevar a cabo un rally de monta\u00f1a muy aut\u00e9ntico, por rutas que atraviesan los maravillosos bosques de Cangas de On\u00eds. \u00a1Espectacular!<\/p>\n\n\n\n<p><strong>Emociones compartidas<\/strong><\/p>\n\n\n\n<p>El objetivo era compartir esta experiencia tan guapa con amigos de la delegaci\u00f3n asturiana de la Federaci\u00f3n ASPAYM, cuyos responsables se mostraron muy receptivos con la propuesta.<\/p>\n\n\n\n<p>&nbsp;&nbsp;&nbsp;&nbsp;&nbsp;&nbsp;&nbsp;&nbsp;&nbsp; \u201cAgradecemos mucho a los amigos asturianos de la Soci, que nos hayan montado esta actividad tan bonita y con tan sentido, ya que para una persona discapacitada, en muchos casos por accidente o enfermedades degenerativas, poder vivir la experiencia de conducir o ir sobre un veh\u00edculo de estas caracter\u00edsticas es muy gratificante\u201d, nos explic\u00f3.<\/p>\n\n\n\n<p><strong>Reportaje en la TV asturiana<\/strong><\/p>\n\n\n\n<p>El programa &#8216;Caballos de Metal&#8217;, especializado en el mundo del motor, que emite la TPA, la televisi\u00f3n auton\u00f3mica del Principado de Asturias, dedic\u00f3 un reportaje a la actividad de la secci\u00f3n de karts de la Soci, con declaraciones de los nuestros compa\u00f1eros y j\u00f3venes con discapacidad de ASPAYM que participaron en el rally solidario.<\/p>\n\n\n\n<p>&nbsp;&nbsp;&nbsp;&nbsp;&nbsp;&nbsp;&nbsp;&nbsp;&nbsp; Uno de ellos envi\u00f3 este mensaje delante de la c\u00e1mara: \u201c\u00bfQu\u00e9 decir de la Soci? Que es una asociaci\u00f3n formada por empleados de la Caixa que, junto con los voluntarios de la entidad, siempre est\u00e1n all\u00ed, para colaborar con nosotros y ayudarnos\u201d&#8230;<\/p>\n\n\n\n<p>&nbsp;&nbsp;&nbsp;&nbsp;&nbsp;&nbsp;&nbsp;&nbsp;&nbsp; Soci, voluntarios, \u00a1solidaridad!<\/p>\n","protected":false},"excerpt":{"rendered":"<p>Karting Asturias comparte un rally de monta\u00f1a con j\u00f3venes discapacitados. \u00a1Lo volvieron a hacer! Karting Asturias es una secci\u00f3n que no desperdicia ninguna oportunidad para organizar actividades solidarias para ser compartidas con grupos de gente vulnerable o que necesitan m\u00e1s que otros que se les eche una mano. &nbsp;&nbsp;&nbsp;&nbsp;&nbsp;&nbsp;&nbsp;&nbsp;&nbsp; La \u00faltima experiencia de los colegas&#8230;<\/p>\n","protected":false},"author":4,"featured_media":12282,"comment_status":"closed","ping_status":"closed","sticky":false,"template":"","format":"standard","meta":{"footnotes":""},"categories":[45],"tags":[],"class_list":["post-12285","post","type-post","status-publish","format-standard","has-post-thumbnail","hentry","category-voluntariado"],"_links":{"self":[{"href":"https:\/\/www.lasoci.org\/es\/wp-json\/wp\/v2\/posts\/12285","targetHints":{"allow":["GET"]}}],"collection":[{"href":"https:\/\/www.lasoci.org\/es\/wp-json\/wp\/v2\/posts"}],"about":[{"href":"https:\/\/www.lasoci.org\/es\/wp-json\/wp\/v2\/types\/post"}],"author":[{"embeddable":true,"href":"https:\/\/www.lasoci.org\/es\/wp-json\/wp\/v2\/users\/4"}],"replies":[{"embeddable":true,"href":"https:\/\/www.lasoci.org\/es\/wp-json\/wp\/v2\/comments?post=12285"}],"version-history":[{"count":1,"href":"https:\/\/www.lasoci.org\/es\/wp-json\/wp\/v2\/posts\/12285\/revisions"}],"predecessor-version":[{"id":12286,"href":"https:\/\/www.lasoci.org\/es\/wp-json\/wp\/v2\/posts\/12285\/revisions\/12286"}],"wp:featuredmedia":[{"embeddable":true,"href":"https:\/\/www.lasoci.org\/es\/wp-json\/wp\/v2\/media\/12282"}],"wp:attachment":[{"href":"https:\/\/www.lasoci.org\/es\/wp-json\/wp\/v2\/media?parent=12285"}],"wp:term":[{"taxonomy":"category","embeddable":true,"href":"https:\/\/www.lasoci.org\/es\/wp-json\/wp\/v2\/categories?post=12285"},{"taxonomy":"post_tag","embeddable":true,"href":"https:\/\/www.lasoci.org\/es\/wp-json\/wp\/v2\/tags?post=12285"}],"curies":[{"name":"wp","href":"https:\/\/api.w.org\/{rel}","templated":true}]}}