{"id":11676,"date":"2022-07-03T23:25:40","date_gmt":"2022-07-03T21:25:40","guid":{"rendered":"https:\/\/www.lasoci.org\/?p=11676"},"modified":"2022-07-03T23:25:42","modified_gmt":"2022-07-03T21:25:42","slug":"que-hacemos-semana-del-4-al-10-de-julio","status":"publish","type":"post","link":"https:\/\/www.lasoci.org\/es\/que-hacemos-semana-del-4-al-10-de-julio\/","title":{"rendered":"\u00bfQU\u00c9 HACEMOS?&#8230; SEMANA DEL 4 AL 10 DE JULIO"},"content":{"rendered":"\n<p>La semana del 4 al 10 DE JULIO, la AGENDA de la SOCI nos propone las siguientes actividades:<\/p>\n\n\n\n<p><strong>LUNES 4 de JULIO<\/strong><\/p>\n\n\n\n<p>CAMINANTS BARCELONA comienza el apasionante viaje de fin de temporada a los Dolomitas de Brenta conexi\u00f3n con Madonna de Campiglio. \u00a1Vuelven el 16 de julio! \u00a1Buen viaje!<\/p>\n\n\n\n<p><strong>MARTES 5 de JULIO<\/strong><\/p>\n\n\n\n<p>FUTBOL SALA EMPORD\u00c0 y FUTBOL SALA LA SELVA disputan su tradicional partido amistoso, en esta ocasi\u00f3n bajo el cartel de Fiesta de Verano, en Figueres.<\/p>\n\n\n\n<p><strong>MI\u00c9RCOLES 6 de JULIO<\/strong><\/p>\n\n\n\n<p>F\u00daTBOL 7 BURGOS juega un partido entre sus componentes divididos en dos equipos, que empezar\u00e1 a las 21h en las instalaciones deportivas Esther San Miguel. \u00a1Vamos!<\/p>\n\n\n\n<p><strong>JUEVES 7 de JULIO<\/strong><\/p>\n\n\n\n<p>GOLF MENORCA disputa la primera ronda de su Torneo Social de Verano, que se alargar\u00e1 hasta el domingo.<\/p>\n\n\n\n<p>GOLF TENERIFE disputa su Torneo Social en el campo Amarilla Golf, con salida a partir de las 9.40h. \u00a1\u00c1nimo!<\/p>\n\n\n\n<p>GOLF TOLEDO disputa su Torneo Social de Verano en el campo de la Dehesa.<\/p>\n\n\n\n<p><strong>VIERNES 8 de JULIO<\/strong><\/p>\n\n\n\n<p>HABANERAS EN EL LOCAL SOCIAL Y EN CASA: En el marco de los conciertos de &#8216;M\u00fasica en Directo, celebrados en los jardines del local social y retransmitidos en directo a trav\u00e9s de \u2018streaming\u2019, os ofrecemos un recital de habaneras, acompa\u00f1ado del tradicional rom cremat (ron quemado) y coca para todos. Empecemos a las 20h. \u00a1Est\u00e1is invitados!<\/p>\n\n\n\n<p>S\u00c1BADO 9 de JULIO<\/p>\n\n\n\n<p>ACTIVIDADES SUBAQU\u00c1TICAS MADRID, la secci\u00f3n de los submarinistas madrile\u00f1os, nos convoca a la salida de fin de semana en Cabo de Palos. \u00a1Espectacular!<\/p>\n","protected":false},"excerpt":{"rendered":"<p>La semana del 4 al 10 DE JULIO, la AGENDA de la SOCI nos propone las siguientes actividades: LUNES 4 de JULIO CAMINANTS BARCELONA comienza el apasionante viaje de fin de temporada a los Dolomitas de Brenta conexi\u00f3n con Madonna de Campiglio. \u00a1Vuelven el 16 de julio! \u00a1Buen viaje! MARTES 5 de JULIO FUTBOL SALA&#8230;<\/p>\n","protected":false},"author":4,"featured_media":11459,"comment_status":"closed","ping_status":"closed","sticky":false,"template":"","format":"standard","meta":{"footnotes":""},"categories":[49],"tags":[],"class_list":["post-11676","post","type-post","status-publish","format-standard","has-post-thumbnail","hentry","category-asociacion"],"_links":{"self":[{"href":"https:\/\/www.lasoci.org\/es\/wp-json\/wp\/v2\/posts\/11676","targetHints":{"allow":["GET"]}}],"collection":[{"href":"https:\/\/www.lasoci.org\/es\/wp-json\/wp\/v2\/posts"}],"about":[{"href":"https:\/\/www.lasoci.org\/es\/wp-json\/wp\/v2\/types\/post"}],"author":[{"embeddable":true,"href":"https:\/\/www.lasoci.org\/es\/wp-json\/wp\/v2\/users\/4"}],"replies":[{"embeddable":true,"href":"https:\/\/www.lasoci.org\/es\/wp-json\/wp\/v2\/comments?post=11676"}],"version-history":[{"count":1,"href":"https:\/\/www.lasoci.org\/es\/wp-json\/wp\/v2\/posts\/11676\/revisions"}],"predecessor-version":[{"id":11677,"href":"https:\/\/www.lasoci.org\/es\/wp-json\/wp\/v2\/posts\/11676\/revisions\/11677"}],"wp:featuredmedia":[{"embeddable":true,"href":"https:\/\/www.lasoci.org\/es\/wp-json\/wp\/v2\/media\/11459"}],"wp:attachment":[{"href":"https:\/\/www.lasoci.org\/es\/wp-json\/wp\/v2\/media?parent=11676"}],"wp:term":[{"taxonomy":"category","embeddable":true,"href":"https:\/\/www.lasoci.org\/es\/wp-json\/wp\/v2\/categories?post=11676"},{"taxonomy":"post_tag","embeddable":true,"href":"https:\/\/www.lasoci.org\/es\/wp-json\/wp\/v2\/tags?post=11676"}],"curies":[{"name":"wp","href":"https:\/\/api.w.org\/{rel}","templated":true}]}}