{"id":11663,"date":"2022-06-29T17:21:25","date_gmt":"2022-06-29T15:21:25","guid":{"rendered":"https:\/\/www.lasoci.org\/?p=11663"},"modified":"2022-06-29T17:21:27","modified_gmt":"2022-06-29T15:21:27","slug":"ya-es-nuestra-la-soci-se-patrimonializa","status":"publish","type":"post","link":"https:\/\/www.lasoci.org\/es\/ya-es-nuestra-la-soci-se-patrimonializa\/","title":{"rendered":"\u00a1Ya es nuestra! La Soci se patrimonializa"},"content":{"rendered":"\n<p>La Soci se patrimonializa con la adquisici\u00f3n de la Sede Social.<\/p>\n\n\n\n<p>&nbsp;&nbsp;&nbsp;&nbsp;&nbsp;&nbsp;&nbsp;&nbsp;&nbsp; El 29 de junio de 2022 pasar\u00e1 a la historia de nuestra entidad Soci, como la fecha en la que se ha formalizado la compra por parte de la Asociaci\u00f3n del Personal de \u201cla Caixa\u201d de la que ya era, y que ahora lo es a todos los efectos, nuestra Sede Social. La firma de la adquisici\u00f3n ha tenido lugar en una notar\u00eda de Barcelona.<\/p>\n\n\n\n<p><strong>Desde 2019<\/strong><\/p>\n\n\n\n<p>Situada en la calle Sardenya 521-523, de Barcelona, \u00e9sta es nuestra sede social desde el a\u00f1o 2019, cuando nos instalamos en ella.<\/p>\n\n\n\n<p>&nbsp;&nbsp;&nbsp;&nbsp;&nbsp;&nbsp;&nbsp;&nbsp;&nbsp; Ahora, siguiendo el mandato de la Junta Rectora, celebrada el pasado 14 de mayo, la Junta Directiva ha sellado su compra por la cual, la Sede Social ya forma parte de nuestro patrimonio.<\/p>\n\n\n\n<p><strong>Hacer patrimonio<\/strong><\/p>\n\n\n\n<p>La Sede Social ya es absolutamente nuestra.<\/p>\n\n\n\n<p>&nbsp;&nbsp;&nbsp;&nbsp;&nbsp;&nbsp;&nbsp;&nbsp;&nbsp; Es nuestra casa&#8230; \u00a1Nuestra! La de todos y todas quienes formamos parte de la Asociaci\u00f3n del Personal de \u201cla Caixa\u201d.<\/p>\n\n\n\n<p>&nbsp;&nbsp;&nbsp;&nbsp;&nbsp;&nbsp;&nbsp;&nbsp;&nbsp; \u00a1Enhorabuena! \u00a1Y por muchos a\u00f1os!&nbsp;&nbsp;&nbsp;&nbsp;&nbsp;<\/p>\n","protected":false},"excerpt":{"rendered":"<p>La Soci se patrimonializa con la adquisici\u00f3n de la Sede Social. &nbsp;&nbsp;&nbsp;&nbsp;&nbsp;&nbsp;&nbsp;&nbsp;&nbsp; El 29 de junio de 2022 pasar\u00e1 a la historia de nuestra entidad Soci, como la fecha en la que se ha formalizado la compra por parte de la Asociaci\u00f3n del Personal de \u201cla Caixa\u201d de la que ya era, y que ahora&#8230;<\/p>\n","protected":false},"author":4,"featured_media":11660,"comment_status":"closed","ping_status":"closed","sticky":false,"template":"","format":"standard","meta":{"footnotes":""},"categories":[49],"tags":[],"class_list":["post-11663","post","type-post","status-publish","format-standard","has-post-thumbnail","hentry","category-asociacion"],"_links":{"self":[{"href":"https:\/\/www.lasoci.org\/es\/wp-json\/wp\/v2\/posts\/11663","targetHints":{"allow":["GET"]}}],"collection":[{"href":"https:\/\/www.lasoci.org\/es\/wp-json\/wp\/v2\/posts"}],"about":[{"href":"https:\/\/www.lasoci.org\/es\/wp-json\/wp\/v2\/types\/post"}],"author":[{"embeddable":true,"href":"https:\/\/www.lasoci.org\/es\/wp-json\/wp\/v2\/users\/4"}],"replies":[{"embeddable":true,"href":"https:\/\/www.lasoci.org\/es\/wp-json\/wp\/v2\/comments?post=11663"}],"version-history":[{"count":1,"href":"https:\/\/www.lasoci.org\/es\/wp-json\/wp\/v2\/posts\/11663\/revisions"}],"predecessor-version":[{"id":11664,"href":"https:\/\/www.lasoci.org\/es\/wp-json\/wp\/v2\/posts\/11663\/revisions\/11664"}],"wp:featuredmedia":[{"embeddable":true,"href":"https:\/\/www.lasoci.org\/es\/wp-json\/wp\/v2\/media\/11660"}],"wp:attachment":[{"href":"https:\/\/www.lasoci.org\/es\/wp-json\/wp\/v2\/media?parent=11663"}],"wp:term":[{"taxonomy":"category","embeddable":true,"href":"https:\/\/www.lasoci.org\/es\/wp-json\/wp\/v2\/categories?post=11663"},{"taxonomy":"post_tag","embeddable":true,"href":"https:\/\/www.lasoci.org\/es\/wp-json\/wp\/v2\/tags?post=11663"}],"curies":[{"name":"wp","href":"https:\/\/api.w.org\/{rel}","templated":true}]}}